{"id":2149,"date":"2020-11-27T22:52:47","date_gmt":"2020-11-28T01:52:47","guid":{"rendered":"http:\/\/alemdojob.ielusc.br\/?p=2149"},"modified":"2020-11-27T23:01:14","modified_gmt":"2020-11-28T02:01:14","slug":"dicas-stories","status":"publish","type":"post","link":"https:\/\/alemdojob.ielusc.br\/index.php\/2020\/11\/27\/dicas-stories\/","title":{"rendered":"5 Dicas para Arrasar nos Stories!"},"content":{"rendered":"<h1><b>5 Dicas para Arrasar nos Stories!<\/b><\/h1>\n<p><span style=\"font-weight: 400;\">Os stories das redes sociais, mais precisamente do Instagram, surgiram em 2016 e desde ent\u00e3o vem ganhando os cora\u00e7\u00f5es dos usu\u00e1rios. L\u00e1 podemos encontrar conte\u00fados diversificados e nos conectarmos de forma ainda mais \u00edntima com que seguimos. Mas como se diferenciar entre um clique e outro?&nbsp;<\/span><\/p>\n<p><span style=\"font-weight: 400;\">Nesse conte\u00fado vamos montar uma publica\u00e7\u00e3o para os stories juntos colocando em pr\u00e1tica <\/span><b>5 dicas que v\u00e3o deixar seus seguidores da sua <a href=\"http:\/\/alemdojob.ielusc.br\/index.php\/2019\/11\/22\/como-dar-os-primeiros-passos-no-instagram-sendo-uma-empresa\/\">empresa<\/a> ou perfil chocados!<\/b><\/p>\n<p>&nbsp;<\/p>\n<h2><span style=\"font-weight: 400;\">1. Como colocar fontes diferentes:<\/span><\/h2>\n<p><span style=\"font-weight: 400;\">Quando pensamos em stories nas redes sociais sempre vem a lembran\u00e7a de algo passageiro, mas que apesar disso pode ser extremamente marcante para quem est\u00e1 ali rolando o dedinho pra esquerda. Para usar isso ao seu favor, lembre de fazer um mix dessas tipografias diferenciadas que est\u00e3o dispon\u00edveis no Instagram, <\/span><b>aproveite as margens<\/b><span style=\"font-weight: 400;\"> para real\u00e7ar ainda a postagem, buscando sempre um <strong><a href=\"http:\/\/alemdojob.ielusc.br\/index.php\/2019\/11\/22\/dicas-para-criar-conteudo-digital-de-qualidade\/\">material de qualidade<\/a><\/strong>. Vai experimentando que logo logo voc\u00ea descobre o seu <\/span><b>match perfeito!<\/b><span style=\"font-weight: 400;\">&nbsp;<\/span><\/p>\n<p><img decoding=\"async\" loading=\"lazy\" class=\"aligncenter size-full wp-image-2156\" src=\"http:\/\/alemdojob.ielusc.br\/wp-content\/uploads\/2020\/11\/1.png\" alt=\"explica\u00e7\u00e3o-fontes\" width=\"1700\" height=\"740\" srcset=\"https:\/\/alemdojob.ielusc.br\/wp-content\/uploads\/2020\/11\/1.png 1700w, https:\/\/alemdojob.ielusc.br\/wp-content\/uploads\/2020\/11\/1-300x131.png 300w, https:\/\/alemdojob.ielusc.br\/wp-content\/uploads\/2020\/11\/1-1024x446.png 1024w, https:\/\/alemdojob.ielusc.br\/wp-content\/uploads\/2020\/11\/1-768x334.png 768w, https:\/\/alemdojob.ielusc.br\/wp-content\/uploads\/2020\/11\/1-1536x669.png 1536w, https:\/\/alemdojob.ielusc.br\/wp-content\/uploads\/2020\/11\/1-138x60.png 138w\" sizes=\"(max-width: 1700px) 100vw, 1700px\" \/><\/p>\n<h2><span style=\"font-weight: 400;\">2. Cores ao seu favor:<\/span><\/h2>\n<p><span style=\"font-weight: 400;\">As cores s\u00e3o grandes aliadas na hora de dar aquele <\/span><a href=\"https:\/\/www.youtube.com\/watch?v=V9Qu6MEbf8Y\"><b>tch\u00e3n nos stories<\/b><\/a><span style=\"font-weight: 400;\">, elas conseguem destacar at\u00e9 a foto mais simples e deixar tudo menos sem gra\u00e7a. Com os pinc\u00e9is dispon\u00edveis voc\u00ea pode pintar o fundo do post, escrever com a sua pr\u00f3pria escrita a m\u00e3o, desenhar no fundo ou sobre uma fotografia, enfim, dar aquela decorada em volta do seu conte\u00fado.&nbsp;<\/span><\/p>\n<p><span style=\"font-weight: 400;\">Lembre-se que voc\u00ea pode mudar as cores conforme a imagem que voc\u00ea inserir no stories, \u00e9 s\u00f3 usar o conta-gotas que aparece no canto inferior esquerdo da tela.&nbsp;<\/span><\/p>\n<p><img decoding=\"async\" loading=\"lazy\" class=\"aligncenter size-full wp-image-2157\" src=\"http:\/\/alemdojob.ielusc.br\/wp-content\/uploads\/2020\/11\/2-1.png\" alt=\"explica\u00e7\u00e3o-cores\" width=\"1700\" height=\"740\" srcset=\"https:\/\/alemdojob.ielusc.br\/wp-content\/uploads\/2020\/11\/2-1.png 1700w, https:\/\/alemdojob.ielusc.br\/wp-content\/uploads\/2020\/11\/2-1-300x131.png 300w, https:\/\/alemdojob.ielusc.br\/wp-content\/uploads\/2020\/11\/2-1-1024x446.png 1024w, https:\/\/alemdojob.ielusc.br\/wp-content\/uploads\/2020\/11\/2-1-768x334.png 768w, https:\/\/alemdojob.ielusc.br\/wp-content\/uploads\/2020\/11\/2-1-1536x669.png 1536w, https:\/\/alemdojob.ielusc.br\/wp-content\/uploads\/2020\/11\/2-1-138x60.png 138w\" sizes=\"(max-width: 1700px) 100vw, 1700px\" \/><\/p>\n<h2><span style=\"font-weight: 400;\">3. Enquetes e outros recursos:<\/span><\/h2>\n<p><span style=\"font-weight: 400;\">A enquete \u00e9 um grande recurso na hora de entender melhor o que <strong>outras pessoas est\u00e3o pensando<\/strong> e o que elas mais gostam. Pode se tornar uma maneira pr\u00e1tica de montar uma estrat\u00e9gia de marketing, por exemplo. Essas opini\u00f5es dos usu\u00e1rios ajudam a engajar o seu perfil na rede social e de quebra se <strong>aproximar da mente do p\u00fablico-alvo.<\/strong> Afinal, quem n\u00e3o gosta de mostrar sua opini\u00e3o de um assunto interessante ou de fazer parte de uma cria\u00e7\u00e3o do produto de uma marca legal?&nbsp;<\/span><\/p>\n<p>&nbsp;<\/p>\n<p><span style=\"font-weight: 400;\"><strong>Perguntas:<\/strong> Neste recurso voc\u00ea vai escrever uma pergunta e quem acompanha pode responder, o mais legal \u00e9 ler as opini\u00f5es mais elaboradas dos usu\u00e1rios, e ainda publicar a resposta depois no stories.<\/span><\/p>\n<p>&nbsp;<\/p>\n<p><span style=\"font-weight: 400;\"><strong>Teste:<\/strong> Como o pr\u00f3prio nome diz \u00e9 um recurso voltado para testar os seus usu\u00e1rios, para perceber o quanto ele conhece e est\u00e1 engajado com o seu perfil.<\/span><\/p>\n<p>&nbsp;<\/p>\n<p><span style=\"font-weight: 400;\">Al\u00e9m das enquetes, temos outros recursos como a localiza\u00e7\u00e3o, que ajuda o usu\u00e1rio a se familiarizar com o perfil, fortalece o<strong> sentimento de comunidade.<\/strong> O recurso de <\/span><span style=\"font-weight: 400;\">m\u00fasica, que adiciona trilha sonora no stories para gerar mais impacto e empatia pelo conte\u00fado publicado. Quem sabe voc\u00ea divulgar uma m\u00fasica autoral um dia?&nbsp;<\/span><\/p>\n<p><b>N\u00e3o podemos nos esquecer dos amados GIFs!<\/b><span style=\"font-weight: 400;\"> Eles d\u00e3o vida a publica\u00e7\u00e3o e deixam o post ainda mais divertido, criativo e interessante para os usu\u00e1rios. Outra parte legal \u00e9 que voc\u00ea pode <strong>criar os seus pr\u00f3prios GIFs<\/strong> e adicion\u00e1-los ao Instagram para outras pessoas usarem!&nbsp;<\/span><\/p>\n<p><span style=\"font-weight: 400;\">E por fim temos a <strong>contagem regressiva<\/strong>, que pode ser usada para fazer um suspense para um lan\u00e7amento ou pra contar os dias para um feriado importante. \u00c9 perfeito porque as pessoas podem utilizar nos seus pr\u00f3prios perfis e assim divulgar o perfil que criou a contagem!<\/span><\/p>\n<p><span style=\"font-weight: 400;\">Lembre-se que quanto mais pessoas participarem de suas enquetes ou interagirem com seus recursos mais o <strong>algoritmo chama ela de volta!<\/strong><\/span><\/p>\n<p><img decoding=\"async\" loading=\"lazy\" class=\"aligncenter size-full wp-image-2158\" src=\"http:\/\/alemdojob.ielusc.br\/wp-content\/uploads\/2020\/11\/3.png\" alt=\"explica\u00e7\u00e3o-ferramentas\" width=\"1700\" height=\"740\" srcset=\"https:\/\/alemdojob.ielusc.br\/wp-content\/uploads\/2020\/11\/3.png 1700w, https:\/\/alemdojob.ielusc.br\/wp-content\/uploads\/2020\/11\/3-300x131.png 300w, https:\/\/alemdojob.ielusc.br\/wp-content\/uploads\/2020\/11\/3-1024x446.png 1024w, https:\/\/alemdojob.ielusc.br\/wp-content\/uploads\/2020\/11\/3-768x334.png 768w, https:\/\/alemdojob.ielusc.br\/wp-content\/uploads\/2020\/11\/3-1536x669.png 1536w, https:\/\/alemdojob.ielusc.br\/wp-content\/uploads\/2020\/11\/3-138x60.png 138w\" sizes=\"(max-width: 1700px) 100vw, 1700px\" \/><\/p>\n<h2><span style=\"font-weight: 400;\">4. Utilizar fotos da galeria no stories:<\/span><\/h2>\n<p><span style=\"font-weight: 400;\">Colocar uma ou mais fotos no stories \u00e9 uma forma de <\/span><b>mostrar mais de um conte\u00fado<\/b><span style=\"font-weight: 400;\"> em uma s\u00f3 publica\u00e7\u00e3o. Funciona como um adesivo, que voc\u00ea copia da sua galeria, o passo a passo \u00e9 bem simples.<\/span><\/p>\n<p>&nbsp;<\/p>\n<p><span style=\"font-weight: 400;\"><strong>iOS:<\/strong> Capture uma foto para criar um plano de fundo para sua colagem, e v\u00e1 para o seu rolo de c\u00e2mera, escolha a foto e selecione aquele recurso de compartilhar que fica no canto inferior da tela, e selecione a op\u00e7\u00e3o \u201ccopiar foto\u201d, corra pro seu stories e perceba que sua fotografia virou um adesivo. Voc\u00ea pode fazer isso com quantas fotos voc\u00ea quiser!<\/span><\/p>\n<p>&nbsp;<\/p>\n<p><span style=\"font-weight: 400;\"><strong><a href=\"https:\/\/www.techtudo.com.br\/dicas-e-tutoriais\/2019\/11\/como-colocar-duas-fotos-no-mesmo-story-do-instagram.ghtml\">Android<\/a>:<\/strong> Instale o aplicativo de teclado virtual SwiftKey. Abra o app e selecione \u201cAtivar SwiftKey\u201d. Em seguida, ative a chave de utiliza\u00e7\u00e3o do SwiftKey no Android; Voltando ao aplicativo, toque na op\u00e7\u00e3o \u201cSelecionar SwiftKey\u201d. Depois, marque a op\u00e7\u00e3o \u201cTeclado SwiftKey\u201d; Toque no bot\u00e3o \u201cObter Melhores Predi\u00e7\u00f5es\u201d. Em seguida, escolha a op\u00e7\u00e3o \u201cAgora n\u00e3o\u201d;&nbsp;<\/span><\/p>\n<p><span style=\"font-weight: 400;\">Abra o Instagram e crie um novo stories. Capture uma foto para criar um plano de fundo para sua colagem. Depois, toque no \u00edcone de \u201cAa\u201d para adicionar um texto; No teclado SwiftKey, toque no \u00edcone de alfinete. Depois, toque em \u201cCriar\u201d; Escolha uma foto na galeria e toque na setinha azul para adicion\u00e1-la ao stories em formato de adesivo. Repita o procedimento com quantas imagens quiser, movimentando e redimensionando os adesivos pela tela. Ao final, publique seu story normalmente.<\/span><\/p>\n<p><img decoding=\"async\" loading=\"lazy\" class=\"aligncenter size-full wp-image-2159\" src=\"http:\/\/alemdojob.ielusc.br\/wp-content\/uploads\/2020\/11\/4.png\" alt=\"explica\u00e7\u00e3o-filtros\" width=\"1700\" height=\"740\" srcset=\"https:\/\/alemdojob.ielusc.br\/wp-content\/uploads\/2020\/11\/4.png 1700w, https:\/\/alemdojob.ielusc.br\/wp-content\/uploads\/2020\/11\/4-300x131.png 300w, https:\/\/alemdojob.ielusc.br\/wp-content\/uploads\/2020\/11\/4-1024x446.png 1024w, https:\/\/alemdojob.ielusc.br\/wp-content\/uploads\/2020\/11\/4-768x334.png 768w, https:\/\/alemdojob.ielusc.br\/wp-content\/uploads\/2020\/11\/4-1536x669.png 1536w, https:\/\/alemdojob.ielusc.br\/wp-content\/uploads\/2020\/11\/4-138x60.png 138w\" sizes=\"(max-width: 1700px) 100vw, 1700px\" \/><\/p>\n<h2><span style=\"font-weight: 400;\">5. Use CTA\u2019s e analise os dados:<\/span><\/h2>\n<p><span style=\"font-weight: 400;\">Mesmo que a rede social queira que voc\u00ea e seu usu\u00e1rio permane\u00e7am muito mais tempo na rede, <\/span><b>lembre-se que a partir do stories voc\u00ea pode levar o seu p\u00fablico para um outro site<\/b><span style=\"font-weight: 400;\">, isso pode ajudar, e muito, no aumento de tr\u00e1fego e no engajamento geral do perfil.&nbsp;<\/span><\/p>\n<p><span style=\"font-weight: 400;\">Se para sua conta j\u00e1 \u00e9 poss\u00edvel colocar links nos stories, utilize sempre que puder. Mas, se essa n\u00e3o \u00e9 sua realidade, lembre que voc\u00ea pode solicitar para o usu\u00e1rio checar aquele link na bio, t\u00e1 meninxs?<\/span><\/p>\n<p><span style=\"font-weight: 400;\">Depois de fazer tooooodo esse conte\u00fado n\u00e3o esque\u00e7a de analisar seus resultados. O <\/span><b>Instagram Insights<\/b><span style=\"font-weight: 400;\"> vai te ajudar muito nessa hora com an\u00e1lise das visitas, taxa de rejei\u00e7\u00e3o, de cliques nas men\u00e7\u00f5es e links que voc\u00ea disponibiliza. Veja se as maiores convers\u00f5es est\u00e3o vindo de imagens, v\u00eddeos,<strong> <a href=\"http:\/\/alemdojob.ielusc.br\/index.php\/2020\/09\/12\/onde-e-quando-postar\/\">quais hor\u00e1rios mais agradam o p\u00fablico<\/a><\/strong> e quais recursos est\u00e3o tendo intera\u00e7\u00f5es. <\/span><b>Analise muito bem e fa\u00e7a as mudan\u00e7as sempre que for preciso!<\/b><\/p>\n<p><img decoding=\"async\" loading=\"lazy\" class=\"aligncenter size-full wp-image-2160\" src=\"http:\/\/alemdojob.ielusc.br\/wp-content\/uploads\/2020\/11\/5.png\" alt=\"explica\u00e7\u00e3o-an\u00e1lises\" width=\"1700\" height=\"740\" srcset=\"https:\/\/alemdojob.ielusc.br\/wp-content\/uploads\/2020\/11\/5.png 1700w, https:\/\/alemdojob.ielusc.br\/wp-content\/uploads\/2020\/11\/5-300x131.png 300w, https:\/\/alemdojob.ielusc.br\/wp-content\/uploads\/2020\/11\/5-1024x446.png 1024w, https:\/\/alemdojob.ielusc.br\/wp-content\/uploads\/2020\/11\/5-768x334.png 768w, https:\/\/alemdojob.ielusc.br\/wp-content\/uploads\/2020\/11\/5-1536x669.png 1536w, https:\/\/alemdojob.ielusc.br\/wp-content\/uploads\/2020\/11\/5-138x60.png 138w\" sizes=\"(max-width: 1700px) 100vw, 1700px\" \/><\/p>\n<p>&nbsp;<\/p>\n<p><em><strong>E a\u00ed, gostou das dicas?<\/strong><\/em><\/p>\n<p><em>Agora que voc\u00ea descobriu mais algumas coisas sobre os stories, j\u00e1 est\u00e1 com vontade de fazer um? <strong>Ent\u00e3o marca o @alemdojob que a gente t\u00e1 ansioso pra ver as dicas em pr\u00e1tica!&nbsp;<\/strong><\/em><\/p>\n<p><em>Se voc\u00ea gosta muito de redes sociais e gostaria de aprender mais sobre esse universo o curso de publicidade e propaganda \u00e9 para voc\u00ea! Visite o site www.faculdade.ielusc.br e saiba mais!<\/em><\/p>\n<p><em>Segue l\u00e1<strong> @alemdojob<\/strong> nas redes sociais ou deixe seu contato aqui para receber not\u00edcias sobre vestibulares e op\u00e7\u00f5es de matr\u00edcula no curso de Publicidade e Propaganda IELUSC.&nbsp;<\/em><\/p>\n<p>&nbsp;<\/p>\n<p><strong><em>At\u00e9 o pr\u00f3ximo like!&nbsp;<\/em><\/strong><\/p>\n","protected":false},"excerpt":{"rendered":"<p>5 Dicas para Arrasar nos Stories! Os stories das redes sociais, mais precisamente do Instagram, &hellip; <\/p>\n","protected":false},"author":1,"featured_media":2188,"comment_status":"open","ping_status":"open","sticky":false,"template":"","format":"standard","meta":{"_mi_skip_tracking":false,"_exactmetrics_sitenote_active":false,"_exactmetrics_sitenote_note":"","_exactmetrics_sitenote_category":0,"ngg_post_thumbnail":0,"footnotes":""},"categories":[1],"tags":[224,225,222,226,223],"yoast_head":"<!-- This site is optimized with the Yoast SEO plugin v21.4 - https:\/\/yoast.com\/wordpress\/plugins\/seo\/ -->\n<title>5 Dicas para Arrasar nos Stories! - Al\u00e9m do Job<\/title>\n<meta name=\"robots\" content=\"index, follow, max-snippet:-1, max-image-preview:large, max-video-preview:-1\" \/>\n<link rel=\"canonical\" href=\"https:\/\/alemdojob.ielusc.br\/index.php\/2020\/11\/27\/dicas-stories\/\" \/>\n<meta property=\"og:locale\" content=\"pt_BR\" \/>\n<meta property=\"og:type\" content=\"article\" \/>\n<meta property=\"og:title\" content=\"5 Dicas para Arrasar nos Stories! - Al\u00e9m do Job\" \/>\n<meta property=\"og:description\" content=\"5 Dicas para Arrasar nos Stories! Os stories das redes sociais, mais precisamente do Instagram, &hellip;\" \/>\n<meta property=\"og:url\" content=\"https:\/\/alemdojob.ielusc.br\/index.php\/2020\/11\/27\/dicas-stories\/\" \/>\n<meta property=\"og:site_name\" content=\"Al\u00e9m do Job\" \/>\n<meta property=\"article:published_time\" content=\"2020-11-28T01:52:47+00:00\" \/>\n<meta property=\"article:modified_time\" content=\"2020-11-28T02:01:14+00:00\" \/>\n<meta property=\"og:image\" content=\"https:\/\/alemdojob.ielusc.br\/wp-content\/uploads\/2020\/11\/WhatsApp-Image-2020-11-27-at-23.00.19.jpeg\" \/>\n\t<meta property=\"og:image:width\" content=\"1280\" \/>\n\t<meta property=\"og:image:height\" content=\"557\" \/>\n\t<meta property=\"og:image:type\" content=\"image\/jpeg\" \/>\n<meta name=\"author\" content=\"admin\" \/>\n<meta name=\"twitter:card\" content=\"summary_large_image\" \/>\n<meta name=\"twitter:label1\" content=\"Escrito por\" \/>\n\t<meta name=\"twitter:data1\" content=\"admin\" \/>\n\t<meta name=\"twitter:label2\" content=\"Est. tempo de leitura\" \/>\n\t<meta name=\"twitter:data2\" content=\"6 minutos\" \/>\n<script type=\"application\/ld+json\" class=\"yoast-schema-graph\">{\"@context\":\"https:\/\/schema.org\",\"@graph\":[{\"@type\":\"Article\",\"@id\":\"https:\/\/alemdojob.ielusc.br\/index.php\/2020\/11\/27\/dicas-stories\/#article\",\"isPartOf\":{\"@id\":\"https:\/\/alemdojob.ielusc.br\/index.php\/2020\/11\/27\/dicas-stories\/\"},\"author\":{\"name\":\"admin\",\"@id\":\"https:\/\/alemdojob.ielusc.br\/#\/schema\/person\/f424a9ef6e4c26d6a538730daa1a28a4\"},\"headline\":\"5 Dicas para Arrasar nos Stories!\",\"datePublished\":\"2020-11-28T01:52:47+00:00\",\"dateModified\":\"2020-11-28T02:01:14+00:00\",\"mainEntityOfPage\":{\"@id\":\"https:\/\/alemdojob.ielusc.br\/index.php\/2020\/11\/27\/dicas-stories\/\"},\"wordCount\":1166,\"commentCount\":0,\"publisher\":{\"@id\":\"https:\/\/alemdojob.ielusc.br\/#organization\"},\"keywords\":[\"design\",\"dicas\",\"Instagram\",\"social media\",\"stories\"],\"articleSection\":[\"Tend\u00eancias\"],\"inLanguage\":\"pt-BR\",\"potentialAction\":[{\"@type\":\"CommentAction\",\"name\":\"Comment\",\"target\":[\"https:\/\/alemdojob.ielusc.br\/index.php\/2020\/11\/27\/dicas-stories\/#respond\"]}]},{\"@type\":\"WebPage\",\"@id\":\"https:\/\/alemdojob.ielusc.br\/index.php\/2020\/11\/27\/dicas-stories\/\",\"url\":\"https:\/\/alemdojob.ielusc.br\/index.php\/2020\/11\/27\/dicas-stories\/\",\"name\":\"5 Dicas para Arrasar nos Stories! - Al\u00e9m do Job\",\"isPartOf\":{\"@id\":\"https:\/\/alemdojob.ielusc.br\/#website\"},\"datePublished\":\"2020-11-28T01:52:47+00:00\",\"dateModified\":\"2020-11-28T02:01:14+00:00\",\"breadcrumb\":{\"@id\":\"https:\/\/alemdojob.ielusc.br\/index.php\/2020\/11\/27\/dicas-stories\/#breadcrumb\"},\"inLanguage\":\"pt-BR\",\"potentialAction\":[{\"@type\":\"ReadAction\",\"target\":[\"https:\/\/alemdojob.ielusc.br\/index.php\/2020\/11\/27\/dicas-stories\/\"]}]},{\"@type\":\"BreadcrumbList\",\"@id\":\"https:\/\/alemdojob.ielusc.br\/index.php\/2020\/11\/27\/dicas-stories\/#breadcrumb\",\"itemListElement\":[{\"@type\":\"ListItem\",\"position\":1,\"name\":\"Home\",\"item\":\"https:\/\/alemdojob.ielusc.br\/\"},{\"@type\":\"ListItem\",\"position\":2,\"name\":\"5 Dicas para Arrasar nos Stories!\"}]},{\"@type\":\"WebSite\",\"@id\":\"https:\/\/alemdojob.ielusc.br\/#website\",\"url\":\"https:\/\/alemdojob.ielusc.br\/\",\"name\":\"Al\u00e9m do Job\",\"description\":\"\",\"publisher\":{\"@id\":\"https:\/\/alemdojob.ielusc.br\/#organization\"},\"potentialAction\":[{\"@type\":\"SearchAction\",\"target\":{\"@type\":\"EntryPoint\",\"urlTemplate\":\"https:\/\/alemdojob.ielusc.br\/?s={search_term_string}\"},\"query-input\":\"required name=search_term_string\"}],\"inLanguage\":\"pt-BR\"},{\"@type\":\"Organization\",\"@id\":\"https:\/\/alemdojob.ielusc.br\/#organization\",\"name\":\"Al\u00e9m do Job\",\"url\":\"https:\/\/alemdojob.ielusc.br\/\",\"logo\":{\"@type\":\"ImageObject\",\"inLanguage\":\"pt-BR\",\"@id\":\"https:\/\/alemdojob.ielusc.br\/#\/schema\/logo\/image\/\",\"url\":\"https:\/\/alemdojob.ielusc.br\/wp-content\/uploads\/2018\/10\/cropped-Logo-Alem-do-Job-Final-e1538527573648-2.png\",\"contentUrl\":\"https:\/\/alemdojob.ielusc.br\/wp-content\/uploads\/2018\/10\/cropped-Logo-Alem-do-Job-Final-e1538527573648-2.png\",\"width\":150,\"height\":150,\"caption\":\"Al\u00e9m do Job\"},\"image\":{\"@id\":\"https:\/\/alemdojob.ielusc.br\/#\/schema\/logo\/image\/\"}},{\"@type\":\"Person\",\"@id\":\"https:\/\/alemdojob.ielusc.br\/#\/schema\/person\/f424a9ef6e4c26d6a538730daa1a28a4\",\"name\":\"admin\",\"image\":{\"@type\":\"ImageObject\",\"inLanguage\":\"pt-BR\",\"@id\":\"https:\/\/alemdojob.ielusc.br\/#\/schema\/person\/image\/\",\"url\":\"https:\/\/secure.gravatar.com\/avatar\/d5127c65e67bfa28077a24f955302171?s=96&d=mm&r=g\",\"contentUrl\":\"https:\/\/secure.gravatar.com\/avatar\/d5127c65e67bfa28077a24f955302171?s=96&d=mm&r=g\",\"caption\":\"admin\"},\"url\":\"https:\/\/alemdojob.ielusc.br\/index.php\/author\/admin\/\"}]}<\/script>\n<!-- \/ Yoast SEO plugin. -->","yoast_head_json":{"title":"5 Dicas para Arrasar nos Stories! - Al\u00e9m do Job","robots":{"index":"index","follow":"follow","max-snippet":"max-snippet:-1","max-image-preview":"max-image-preview:large","max-video-preview":"max-video-preview:-1"},"canonical":"https:\/\/alemdojob.ielusc.br\/index.php\/2020\/11\/27\/dicas-stories\/","og_locale":"pt_BR","og_type":"article","og_title":"5 Dicas para Arrasar nos Stories! - Al\u00e9m do Job","og_description":"5 Dicas para Arrasar nos Stories! Os stories das redes sociais, mais precisamente do Instagram, &hellip;","og_url":"https:\/\/alemdojob.ielusc.br\/index.php\/2020\/11\/27\/dicas-stories\/","og_site_name":"Al\u00e9m do Job","article_published_time":"2020-11-28T01:52:47+00:00","article_modified_time":"2020-11-28T02:01:14+00:00","og_image":[{"width":1280,"height":557,"url":"https:\/\/alemdojob.ielusc.br\/wp-content\/uploads\/2020\/11\/WhatsApp-Image-2020-11-27-at-23.00.19.jpeg","type":"image\/jpeg"}],"author":"admin","twitter_card":"summary_large_image","twitter_misc":{"Escrito por":"admin","Est. tempo de leitura":"6 minutos"},"schema":{"@context":"https:\/\/schema.org","@graph":[{"@type":"Article","@id":"https:\/\/alemdojob.ielusc.br\/index.php\/2020\/11\/27\/dicas-stories\/#article","isPartOf":{"@id":"https:\/\/alemdojob.ielusc.br\/index.php\/2020\/11\/27\/dicas-stories\/"},"author":{"name":"admin","@id":"https:\/\/alemdojob.ielusc.br\/#\/schema\/person\/f424a9ef6e4c26d6a538730daa1a28a4"},"headline":"5 Dicas para Arrasar nos Stories!","datePublished":"2020-11-28T01:52:47+00:00","dateModified":"2020-11-28T02:01:14+00:00","mainEntityOfPage":{"@id":"https:\/\/alemdojob.ielusc.br\/index.php\/2020\/11\/27\/dicas-stories\/"},"wordCount":1166,"commentCount":0,"publisher":{"@id":"https:\/\/alemdojob.ielusc.br\/#organization"},"keywords":["design","dicas","Instagram","social media","stories"],"articleSection":["Tend\u00eancias"],"inLanguage":"pt-BR","potentialAction":[{"@type":"CommentAction","name":"Comment","target":["https:\/\/alemdojob.ielusc.br\/index.php\/2020\/11\/27\/dicas-stories\/#respond"]}]},{"@type":"WebPage","@id":"https:\/\/alemdojob.ielusc.br\/index.php\/2020\/11\/27\/dicas-stories\/","url":"https:\/\/alemdojob.ielusc.br\/index.php\/2020\/11\/27\/dicas-stories\/","name":"5 Dicas para Arrasar nos Stories! - Al\u00e9m do Job","isPartOf":{"@id":"https:\/\/alemdojob.ielusc.br\/#website"},"datePublished":"2020-11-28T01:52:47+00:00","dateModified":"2020-11-28T02:01:14+00:00","breadcrumb":{"@id":"https:\/\/alemdojob.ielusc.br\/index.php\/2020\/11\/27\/dicas-stories\/#breadcrumb"},"inLanguage":"pt-BR","potentialAction":[{"@type":"ReadAction","target":["https:\/\/alemdojob.ielusc.br\/index.php\/2020\/11\/27\/dicas-stories\/"]}]},{"@type":"BreadcrumbList","@id":"https:\/\/alemdojob.ielusc.br\/index.php\/2020\/11\/27\/dicas-stories\/#breadcrumb","itemListElement":[{"@type":"ListItem","position":1,"name":"Home","item":"https:\/\/alemdojob.ielusc.br\/"},{"@type":"ListItem","position":2,"name":"5 Dicas para Arrasar nos Stories!"}]},{"@type":"WebSite","@id":"https:\/\/alemdojob.ielusc.br\/#website","url":"https:\/\/alemdojob.ielusc.br\/","name":"Al\u00e9m do Job","description":"","publisher":{"@id":"https:\/\/alemdojob.ielusc.br\/#organization"},"potentialAction":[{"@type":"SearchAction","target":{"@type":"EntryPoint","urlTemplate":"https:\/\/alemdojob.ielusc.br\/?s={search_term_string}"},"query-input":"required name=search_term_string"}],"inLanguage":"pt-BR"},{"@type":"Organization","@id":"https:\/\/alemdojob.ielusc.br\/#organization","name":"Al\u00e9m do Job","url":"https:\/\/alemdojob.ielusc.br\/","logo":{"@type":"ImageObject","inLanguage":"pt-BR","@id":"https:\/\/alemdojob.ielusc.br\/#\/schema\/logo\/image\/","url":"https:\/\/alemdojob.ielusc.br\/wp-content\/uploads\/2018\/10\/cropped-Logo-Alem-do-Job-Final-e1538527573648-2.png","contentUrl":"https:\/\/alemdojob.ielusc.br\/wp-content\/uploads\/2018\/10\/cropped-Logo-Alem-do-Job-Final-e1538527573648-2.png","width":150,"height":150,"caption":"Al\u00e9m do Job"},"image":{"@id":"https:\/\/alemdojob.ielusc.br\/#\/schema\/logo\/image\/"}},{"@type":"Person","@id":"https:\/\/alemdojob.ielusc.br\/#\/schema\/person\/f424a9ef6e4c26d6a538730daa1a28a4","name":"admin","image":{"@type":"ImageObject","inLanguage":"pt-BR","@id":"https:\/\/alemdojob.ielusc.br\/#\/schema\/person\/image\/","url":"https:\/\/secure.gravatar.com\/avatar\/d5127c65e67bfa28077a24f955302171?s=96&d=mm&r=g","contentUrl":"https:\/\/secure.gravatar.com\/avatar\/d5127c65e67bfa28077a24f955302171?s=96&d=mm&r=g","caption":"admin"},"url":"https:\/\/alemdojob.ielusc.br\/index.php\/author\/admin\/"}]}},"_links":{"self":[{"href":"https:\/\/alemdojob.ielusc.br\/index.php\/wp-json\/wp\/v2\/posts\/2149"}],"collection":[{"href":"https:\/\/alemdojob.ielusc.br\/index.php\/wp-json\/wp\/v2\/posts"}],"about":[{"href":"https:\/\/alemdojob.ielusc.br\/index.php\/wp-json\/wp\/v2\/types\/post"}],"author":[{"embeddable":true,"href":"https:\/\/alemdojob.ielusc.br\/index.php\/wp-json\/wp\/v2\/users\/1"}],"replies":[{"embeddable":true,"href":"https:\/\/alemdojob.ielusc.br\/index.php\/wp-json\/wp\/v2\/comments?post=2149"}],"version-history":[{"count":7,"href":"https:\/\/alemdojob.ielusc.br\/index.php\/wp-json\/wp\/v2\/posts\/2149\/revisions"}],"predecessor-version":[{"id":2166,"href":"https:\/\/alemdojob.ielusc.br\/index.php\/wp-json\/wp\/v2\/posts\/2149\/revisions\/2166"}],"wp:featuredmedia":[{"embeddable":true,"href":"https:\/\/alemdojob.ielusc.br\/index.php\/wp-json\/wp\/v2\/media\/2188"}],"wp:attachment":[{"href":"https:\/\/alemdojob.ielusc.br\/index.php\/wp-json\/wp\/v2\/media?parent=2149"}],"wp:term":[{"taxonomy":"category","embeddable":true,"href":"https:\/\/alemdojob.ielusc.br\/index.php\/wp-json\/wp\/v2\/categories?post=2149"},{"taxonomy":"post_tag","embeddable":true,"href":"https:\/\/alemdojob.ielusc.br\/index.php\/wp-json\/wp\/v2\/tags?post=2149"}],"curies":[{"name":"wp","href":"https:\/\/api.w.org\/{rel}","templated":true}]}}