{"id":2177,"date":"2020-11-23T11:19:03","date_gmt":"2020-11-23T14:19:03","guid":{"rendered":"http:\/\/alemdojob.ielusc.br\/?p=2177"},"modified":"2020-11-23T11:20:36","modified_gmt":"2020-11-23T14:20:36","slug":"o-que-vou-aprender-no-curso-de-jornalismo","status":"publish","type":"post","link":"https:\/\/alemdojob.ielusc.br\/index.php\/2020\/11\/23\/o-que-vou-aprender-no-curso-de-jornalismo\/","title":{"rendered":"O que vou aprender no curso de Jornalismo?"},"content":{"rendered":"<p><span style=\"font-weight: 400;\">O jornalismo \u00e9 uma das \u00e1reas mais diversificadas no mercado de trabalho, afinal, s\u00e3o os jornalistas que s\u00e3o respons\u00e1veis por cobrir acontecimentos do mundo tudo e sobre tudo. Por isso, o curso de jornalismo segue a mesma tend\u00eancia. O jornalismo \u00e9 muito mais do que vemos na bancada do jornal nacional ou no jornais impressos.&nbsp;<\/span><\/p>\n<p><span style=\"font-weight: 400;\">Por isso, vamos listar algumas coisas que voc\u00ea vai aprender no curso de Jornalismo.<\/span><\/p>\n<p><b>Fotografia<br \/>\n<span style=\"font-weight: 400;\">Hoje em dia, todo mundo tem acesso a um celular e faz fotos de tudo. Mas, dentro do curso de jornalismo, voc\u00ea poder\u00e1 aprender a usar uma c\u00e2mera profissional e conhecer desde da teoria b\u00e1sica da fotografia at\u00e9 t\u00e9cnicas avan\u00e7adas de ilumina\u00e7\u00e3o. O curso de Jornalismo na Faculdade Ielusc, em Joinville, por exemplo, conta como 8 cr\u00e9ditos dedicados ao fotojornalismo.<\/span><br \/>\n<\/b><\/p>\n<p><b>Escrita&nbsp;<br \/>\n<\/b><span style=\"font-weight: 400;\">Quem pensa em fazer jornalismo com certeza j\u00e1 ouviu: \u201ctem que gostar de escrever!\u201d. A escrita realmente \u00e9 uma base para o jornalismo, mas voc\u00ea n\u00e3o precisa escrever super bem logo de cara, voc\u00ea vai desenvolver suas habilidades ao longo dos anos. Por isso, no curso de Jornalismo no Ielusc, por exemplo, tem disciplinas dedicadas ao aprendizado de reda\u00e7\u00e3o, tanto no jornalismo impresso, quanto no digital.&nbsp;<\/span><\/p>\n<p><b>Roteiros<br \/>\n<\/b><span style=\"font-weight: 400;\">Tudo na comunica\u00e7\u00e3o precisa de um roteiro, por isso, voc\u00ea vai aprender a fazer roteiro de todas as multim\u00eddias. Na \u00e1rea audiovisual, voc\u00ea aprender\u00e1 a fazer roteiros de programas de televis\u00e3o, de programas ao-vivo, de reportagens, de v\u00eddeos para YouTube e at\u00e9 vai aprender a fazer um document\u00e1rio. J\u00e1 em produ\u00e7\u00f5es de \u00e1udio, no curso de jornalismo se aprende desde dos boletins tradicionais de r\u00e1dio at\u00e9 a constru\u00e7\u00e3o de um roteiro completo de Podcast.<\/span><\/p>\n<h4>Hist\u00f3ria&nbsp;<br \/>\n<span style=\"font-weight: 400;\">Na faculdade de Jornalismo, voc\u00ea poder\u00e1 aprender a hist\u00f3ria do Brasil e do mundo de uma forma diferente do que conhecemos no Ensino M\u00e9dio. Al\u00e9m de compreendemos melhor o papel do jornalismo na sociedade, podemos ter uma vis\u00e3o muita ampla sobre os acontecimentos do mundo.&nbsp;<\/span><\/h4>\n<p><b>Psicologia&nbsp;<br \/>\n<\/b><span style=\"font-weight: 400;\">O jornalismo \u00e9 uma \u00e1rea que lida diretamente como o ser humano, por isso, a psicologia est\u00e1 presente dentro das grades de todos os cursos. A mat\u00e9ria tem muita discuss\u00e3o em sala, e al\u00e9m de aprender os conceitos da \u00e1rea, conseguimos aplicar no nosso dia a dia o que se aprende dentro da sala de aula. Al\u00e9m disso, antropologia e sociologia est\u00e3o dentro do curr\u00edculo do curso de jornalismo.&nbsp;<\/span><\/p>\n<p><b>Cinema&nbsp;<br \/>\n<\/b><span style=\"font-weight: 400;\">Aos apaixonadas pela s\u00e9tima arte, na da grade curricular do jornalismo h\u00e1 uma mat\u00e9ria direcionada totalmente ao cinema, sua teoria e um pouco de sua pr\u00e1tica. Al\u00e9m disso, as mat\u00e9rias de telejornalismo exploram bastante o lado da produ\u00e7\u00e3o de v\u00eddeos de forma geral. Ent\u00e3o pode ficar tranquilo que ao longo de todo o curso, voc\u00ea receber\u00e1 indica\u00e7\u00f5es de filmes para se inspirar e buscar refer\u00eancias.&nbsp;<\/span><\/p>\n<p><b>Arte&nbsp;<br \/>\n<\/b><span style=\"font-weight: 400;\">Apesar de muitas vezes n\u00e3o conseguimos visualizar isso, o jornalismo trabalha muito com criatividade e est\u00e9tica. Para conseguir fazer isso \u00e9 preciso ter refer\u00eancias e justamente por isso, dentro da faculdade de Jornalismo voc\u00ea aprende sobre hist\u00f3ria da arte, arte contempor\u00e2nea e est\u00e9tica.&nbsp;<\/span><\/p>\n<p><b>Internet&nbsp;<br \/>\n<\/b><span style=\"font-weight: 400;\">Tudo mundo pensa que sabe tudo sobre a internet, mas acredite, a vida \u00e9 muito mais que rolar o feed do Instagram e do Twitter. O ciberespa\u00e7o \u00e9 vasto e dentro do curso voc\u00ea vai aprender toda a hist\u00f3ria do jornalismo, vai conhecer ferramentas super legais e ainda conseguir\u00e1 aprender formas totalmente novas de explorar o territ\u00f3rio da internet. Na grade curricular de jornalismo h\u00e1 disciplinas como cibercultura e jornalismo digital<\/span><\/p>\n<h4><b>A se comunicar&nbsp;<br \/>\n<\/b><span style=\"font-weight: 400;\">Os t\u00edmidos s\u00e3o muito bem-vindos ao curso de jornalismo, na verdade, voc\u00ea n\u00e3o precisa ser falante e extrovertido para gostar de jornalismo. Ao longo do curso, gradualmente voc\u00ea consegue se acostumar como a ideia de falar com pessoas diferentes e ser ouvido. Disciplinas como telejornalismo, radiojornalismo e at\u00e9 mesmo t\u00e9cnicas de apura\u00e7\u00e3o lhe ajudaram a desenvolver seu lado comunicativo.&nbsp;<\/span><\/h4>\n<p style=\"text-align: center;\"><b>\u00c9 isso, se voc\u00ea gostou da ideia de aprender essas coisas, o Jornalismo tem muito a oferecer. <a href=\"https:\/\/alemdojob.ielusc.br\/index.php\/2020\/11\/20\/lista-07-coisas-que-um-jornalista-faz-alem-de-trabalhar-na-tv\/\">Descubra sete coisas que um jornalista faz al\u00e9m de trabalhar na tv.&nbsp; <\/a><\/b><\/p>\n<p>&nbsp;<\/p>\n","protected":false},"excerpt":{"rendered":"<p>O jornalismo \u00e9 uma das \u00e1reas mais diversificadas no mercado de trabalho, afinal, s\u00e3o os &hellip; <\/p>\n","protected":false},"author":1,"featured_media":2184,"comment_status":"open","ping_status":"open","sticky":false,"template":"","format":"standard","meta":{"_mi_skip_tracking":false,"_exactmetrics_sitenote_active":false,"_exactmetrics_sitenote_note":"","_exactmetrics_sitenote_category":0,"ngg_post_thumbnail":0,"footnotes":""},"categories":[166,176],"tags":[203,177],"yoast_head":"<!-- This site is optimized with the Yoast SEO plugin v21.4 - https:\/\/yoast.com\/wordpress\/plugins\/seo\/ -->\n<title>O que vou aprender no curso de Jornalismo? - Al\u00e9m do Job<\/title>\n<meta name=\"robots\" content=\"index, follow, max-snippet:-1, max-image-preview:large, max-video-preview:-1\" \/>\n<link rel=\"canonical\" href=\"https:\/\/alemdojob.ielusc.br\/index.php\/2020\/11\/23\/o-que-vou-aprender-no-curso-de-jornalismo\/\" \/>\n<meta property=\"og:locale\" content=\"pt_BR\" \/>\n<meta property=\"og:type\" content=\"article\" \/>\n<meta property=\"og:title\" content=\"O que vou aprender no curso de Jornalismo? - Al\u00e9m do Job\" \/>\n<meta property=\"og:description\" content=\"O jornalismo \u00e9 uma das \u00e1reas mais diversificadas no mercado de trabalho, afinal, s\u00e3o os &hellip;\" \/>\n<meta property=\"og:url\" content=\"https:\/\/alemdojob.ielusc.br\/index.php\/2020\/11\/23\/o-que-vou-aprender-no-curso-de-jornalismo\/\" \/>\n<meta property=\"og:site_name\" content=\"Al\u00e9m do Job\" \/>\n<meta property=\"article:published_time\" content=\"2020-11-23T14:19:03+00:00\" \/>\n<meta property=\"article:modified_time\" content=\"2020-11-23T14:20:36+00:00\" \/>\n<meta property=\"og:image\" content=\"https:\/\/alemdojob.ielusc.br\/wp-content\/uploads\/2020\/11\/O-que-aprender-jornalismo.jpg\" \/>\n\t<meta property=\"og:image:width\" content=\"800\" \/>\n\t<meta property=\"og:image:height\" content=\"600\" \/>\n\t<meta property=\"og:image:type\" content=\"image\/jpeg\" \/>\n<meta name=\"author\" content=\"admin\" \/>\n<meta name=\"twitter:card\" content=\"summary_large_image\" \/>\n<meta name=\"twitter:label1\" content=\"Escrito por\" \/>\n\t<meta name=\"twitter:data1\" content=\"admin\" \/>\n\t<meta name=\"twitter:label2\" content=\"Est. tempo de leitura\" \/>\n\t<meta name=\"twitter:data2\" content=\"4 minutos\" \/>\n<script type=\"application\/ld+json\" class=\"yoast-schema-graph\">{\"@context\":\"https:\/\/schema.org\",\"@graph\":[{\"@type\":\"Article\",\"@id\":\"https:\/\/alemdojob.ielusc.br\/index.php\/2020\/11\/23\/o-que-vou-aprender-no-curso-de-jornalismo\/#article\",\"isPartOf\":{\"@id\":\"https:\/\/alemdojob.ielusc.br\/index.php\/2020\/11\/23\/o-que-vou-aprender-no-curso-de-jornalismo\/\"},\"author\":{\"name\":\"admin\",\"@id\":\"https:\/\/alemdojob.ielusc.br\/#\/schema\/person\/f424a9ef6e4c26d6a538730daa1a28a4\"},\"headline\":\"O que vou aprender no curso de Jornalismo?\",\"datePublished\":\"2020-11-23T14:19:03+00:00\",\"dateModified\":\"2020-11-23T14:20:36+00:00\",\"mainEntityOfPage\":{\"@id\":\"https:\/\/alemdojob.ielusc.br\/index.php\/2020\/11\/23\/o-que-vou-aprender-no-curso-de-jornalismo\/\"},\"wordCount\":732,\"commentCount\":0,\"publisher\":{\"@id\":\"https:\/\/alemdojob.ielusc.br\/#organization\"},\"keywords\":[\"comunica\u00e7\u00e3o\",\"Jornalismo\"],\"articleSection\":[\"Carreira\",\"Estudar no Ielusc\"],\"inLanguage\":\"pt-BR\",\"potentialAction\":[{\"@type\":\"CommentAction\",\"name\":\"Comment\",\"target\":[\"https:\/\/alemdojob.ielusc.br\/index.php\/2020\/11\/23\/o-que-vou-aprender-no-curso-de-jornalismo\/#respond\"]}]},{\"@type\":\"WebPage\",\"@id\":\"https:\/\/alemdojob.ielusc.br\/index.php\/2020\/11\/23\/o-que-vou-aprender-no-curso-de-jornalismo\/\",\"url\":\"https:\/\/alemdojob.ielusc.br\/index.php\/2020\/11\/23\/o-que-vou-aprender-no-curso-de-jornalismo\/\",\"name\":\"O que vou aprender no curso de Jornalismo? - Al\u00e9m do Job\",\"isPartOf\":{\"@id\":\"https:\/\/alemdojob.ielusc.br\/#website\"},\"datePublished\":\"2020-11-23T14:19:03+00:00\",\"dateModified\":\"2020-11-23T14:20:36+00:00\",\"breadcrumb\":{\"@id\":\"https:\/\/alemdojob.ielusc.br\/index.php\/2020\/11\/23\/o-que-vou-aprender-no-curso-de-jornalismo\/#breadcrumb\"},\"inLanguage\":\"pt-BR\",\"potentialAction\":[{\"@type\":\"ReadAction\",\"target\":[\"https:\/\/alemdojob.ielusc.br\/index.php\/2020\/11\/23\/o-que-vou-aprender-no-curso-de-jornalismo\/\"]}]},{\"@type\":\"BreadcrumbList\",\"@id\":\"https:\/\/alemdojob.ielusc.br\/index.php\/2020\/11\/23\/o-que-vou-aprender-no-curso-de-jornalismo\/#breadcrumb\",\"itemListElement\":[{\"@type\":\"ListItem\",\"position\":1,\"name\":\"Home\",\"item\":\"https:\/\/alemdojob.ielusc.br\/\"},{\"@type\":\"ListItem\",\"position\":2,\"name\":\"O que vou aprender no curso de Jornalismo?\"}]},{\"@type\":\"WebSite\",\"@id\":\"https:\/\/alemdojob.ielusc.br\/#website\",\"url\":\"https:\/\/alemdojob.ielusc.br\/\",\"name\":\"Al\u00e9m do Job\",\"description\":\"\",\"publisher\":{\"@id\":\"https:\/\/alemdojob.ielusc.br\/#organization\"},\"potentialAction\":[{\"@type\":\"SearchAction\",\"target\":{\"@type\":\"EntryPoint\",\"urlTemplate\":\"https:\/\/alemdojob.ielusc.br\/?s={search_term_string}\"},\"query-input\":\"required name=search_term_string\"}],\"inLanguage\":\"pt-BR\"},{\"@type\":\"Organization\",\"@id\":\"https:\/\/alemdojob.ielusc.br\/#organization\",\"name\":\"Al\u00e9m do Job\",\"url\":\"https:\/\/alemdojob.ielusc.br\/\",\"logo\":{\"@type\":\"ImageObject\",\"inLanguage\":\"pt-BR\",\"@id\":\"https:\/\/alemdojob.ielusc.br\/#\/schema\/logo\/image\/\",\"url\":\"https:\/\/alemdojob.ielusc.br\/wp-content\/uploads\/2018\/10\/cropped-Logo-Alem-do-Job-Final-e1538527573648-2.png\",\"contentUrl\":\"https:\/\/alemdojob.ielusc.br\/wp-content\/uploads\/2018\/10\/cropped-Logo-Alem-do-Job-Final-e1538527573648-2.png\",\"width\":150,\"height\":150,\"caption\":\"Al\u00e9m do Job\"},\"image\":{\"@id\":\"https:\/\/alemdojob.ielusc.br\/#\/schema\/logo\/image\/\"}},{\"@type\":\"Person\",\"@id\":\"https:\/\/alemdojob.ielusc.br\/#\/schema\/person\/f424a9ef6e4c26d6a538730daa1a28a4\",\"name\":\"admin\",\"image\":{\"@type\":\"ImageObject\",\"inLanguage\":\"pt-BR\",\"@id\":\"https:\/\/alemdojob.ielusc.br\/#\/schema\/person\/image\/\",\"url\":\"https:\/\/secure.gravatar.com\/avatar\/d5127c65e67bfa28077a24f955302171?s=96&d=mm&r=g\",\"contentUrl\":\"https:\/\/secure.gravatar.com\/avatar\/d5127c65e67bfa28077a24f955302171?s=96&d=mm&r=g\",\"caption\":\"admin\"},\"url\":\"https:\/\/alemdojob.ielusc.br\/index.php\/author\/admin\/\"}]}<\/script>\n<!-- \/ Yoast SEO plugin. -->","yoast_head_json":{"title":"O que vou aprender no curso de Jornalismo? - Al\u00e9m do Job","robots":{"index":"index","follow":"follow","max-snippet":"max-snippet:-1","max-image-preview":"max-image-preview:large","max-video-preview":"max-video-preview:-1"},"canonical":"https:\/\/alemdojob.ielusc.br\/index.php\/2020\/11\/23\/o-que-vou-aprender-no-curso-de-jornalismo\/","og_locale":"pt_BR","og_type":"article","og_title":"O que vou aprender no curso de Jornalismo? - Al\u00e9m do Job","og_description":"O jornalismo \u00e9 uma das \u00e1reas mais diversificadas no mercado de trabalho, afinal, s\u00e3o os &hellip;","og_url":"https:\/\/alemdojob.ielusc.br\/index.php\/2020\/11\/23\/o-que-vou-aprender-no-curso-de-jornalismo\/","og_site_name":"Al\u00e9m do Job","article_published_time":"2020-11-23T14:19:03+00:00","article_modified_time":"2020-11-23T14:20:36+00:00","og_image":[{"width":800,"height":600,"url":"https:\/\/alemdojob.ielusc.br\/wp-content\/uploads\/2020\/11\/O-que-aprender-jornalismo.jpg","type":"image\/jpeg"}],"author":"admin","twitter_card":"summary_large_image","twitter_misc":{"Escrito por":"admin","Est. tempo de leitura":"4 minutos"},"schema":{"@context":"https:\/\/schema.org","@graph":[{"@type":"Article","@id":"https:\/\/alemdojob.ielusc.br\/index.php\/2020\/11\/23\/o-que-vou-aprender-no-curso-de-jornalismo\/#article","isPartOf":{"@id":"https:\/\/alemdojob.ielusc.br\/index.php\/2020\/11\/23\/o-que-vou-aprender-no-curso-de-jornalismo\/"},"author":{"name":"admin","@id":"https:\/\/alemdojob.ielusc.br\/#\/schema\/person\/f424a9ef6e4c26d6a538730daa1a28a4"},"headline":"O que vou aprender no curso de Jornalismo?","datePublished":"2020-11-23T14:19:03+00:00","dateModified":"2020-11-23T14:20:36+00:00","mainEntityOfPage":{"@id":"https:\/\/alemdojob.ielusc.br\/index.php\/2020\/11\/23\/o-que-vou-aprender-no-curso-de-jornalismo\/"},"wordCount":732,"commentCount":0,"publisher":{"@id":"https:\/\/alemdojob.ielusc.br\/#organization"},"keywords":["comunica\u00e7\u00e3o","Jornalismo"],"articleSection":["Carreira","Estudar no Ielusc"],"inLanguage":"pt-BR","potentialAction":[{"@type":"CommentAction","name":"Comment","target":["https:\/\/alemdojob.ielusc.br\/index.php\/2020\/11\/23\/o-que-vou-aprender-no-curso-de-jornalismo\/#respond"]}]},{"@type":"WebPage","@id":"https:\/\/alemdojob.ielusc.br\/index.php\/2020\/11\/23\/o-que-vou-aprender-no-curso-de-jornalismo\/","url":"https:\/\/alemdojob.ielusc.br\/index.php\/2020\/11\/23\/o-que-vou-aprender-no-curso-de-jornalismo\/","name":"O que vou aprender no curso de Jornalismo? - Al\u00e9m do Job","isPartOf":{"@id":"https:\/\/alemdojob.ielusc.br\/#website"},"datePublished":"2020-11-23T14:19:03+00:00","dateModified":"2020-11-23T14:20:36+00:00","breadcrumb":{"@id":"https:\/\/alemdojob.ielusc.br\/index.php\/2020\/11\/23\/o-que-vou-aprender-no-curso-de-jornalismo\/#breadcrumb"},"inLanguage":"pt-BR","potentialAction":[{"@type":"ReadAction","target":["https:\/\/alemdojob.ielusc.br\/index.php\/2020\/11\/23\/o-que-vou-aprender-no-curso-de-jornalismo\/"]}]},{"@type":"BreadcrumbList","@id":"https:\/\/alemdojob.ielusc.br\/index.php\/2020\/11\/23\/o-que-vou-aprender-no-curso-de-jornalismo\/#breadcrumb","itemListElement":[{"@type":"ListItem","position":1,"name":"Home","item":"https:\/\/alemdojob.ielusc.br\/"},{"@type":"ListItem","position":2,"name":"O que vou aprender no curso de Jornalismo?"}]},{"@type":"WebSite","@id":"https:\/\/alemdojob.ielusc.br\/#website","url":"https:\/\/alemdojob.ielusc.br\/","name":"Al\u00e9m do Job","description":"","publisher":{"@id":"https:\/\/alemdojob.ielusc.br\/#organization"},"potentialAction":[{"@type":"SearchAction","target":{"@type":"EntryPoint","urlTemplate":"https:\/\/alemdojob.ielusc.br\/?s={search_term_string}"},"query-input":"required name=search_term_string"}],"inLanguage":"pt-BR"},{"@type":"Organization","@id":"https:\/\/alemdojob.ielusc.br\/#organization","name":"Al\u00e9m do Job","url":"https:\/\/alemdojob.ielusc.br\/","logo":{"@type":"ImageObject","inLanguage":"pt-BR","@id":"https:\/\/alemdojob.ielusc.br\/#\/schema\/logo\/image\/","url":"https:\/\/alemdojob.ielusc.br\/wp-content\/uploads\/2018\/10\/cropped-Logo-Alem-do-Job-Final-e1538527573648-2.png","contentUrl":"https:\/\/alemdojob.ielusc.br\/wp-content\/uploads\/2018\/10\/cropped-Logo-Alem-do-Job-Final-e1538527573648-2.png","width":150,"height":150,"caption":"Al\u00e9m do Job"},"image":{"@id":"https:\/\/alemdojob.ielusc.br\/#\/schema\/logo\/image\/"}},{"@type":"Person","@id":"https:\/\/alemdojob.ielusc.br\/#\/schema\/person\/f424a9ef6e4c26d6a538730daa1a28a4","name":"admin","image":{"@type":"ImageObject","inLanguage":"pt-BR","@id":"https:\/\/alemdojob.ielusc.br\/#\/schema\/person\/image\/","url":"https:\/\/secure.gravatar.com\/avatar\/d5127c65e67bfa28077a24f955302171?s=96&d=mm&r=g","contentUrl":"https:\/\/secure.gravatar.com\/avatar\/d5127c65e67bfa28077a24f955302171?s=96&d=mm&r=g","caption":"admin"},"url":"https:\/\/alemdojob.ielusc.br\/index.php\/author\/admin\/"}]}},"_links":{"self":[{"href":"https:\/\/alemdojob.ielusc.br\/index.php\/wp-json\/wp\/v2\/posts\/2177"}],"collection":[{"href":"https:\/\/alemdojob.ielusc.br\/index.php\/wp-json\/wp\/v2\/posts"}],"about":[{"href":"https:\/\/alemdojob.ielusc.br\/index.php\/wp-json\/wp\/v2\/types\/post"}],"author":[{"embeddable":true,"href":"https:\/\/alemdojob.ielusc.br\/index.php\/wp-json\/wp\/v2\/users\/1"}],"replies":[{"embeddable":true,"href":"https:\/\/alemdojob.ielusc.br\/index.php\/wp-json\/wp\/v2\/comments?post=2177"}],"version-history":[{"count":7,"href":"https:\/\/alemdojob.ielusc.br\/index.php\/wp-json\/wp\/v2\/posts\/2177\/revisions"}],"predecessor-version":[{"id":2185,"href":"https:\/\/alemdojob.ielusc.br\/index.php\/wp-json\/wp\/v2\/posts\/2177\/revisions\/2185"}],"wp:featuredmedia":[{"embeddable":true,"href":"https:\/\/alemdojob.ielusc.br\/index.php\/wp-json\/wp\/v2\/media\/2184"}],"wp:attachment":[{"href":"https:\/\/alemdojob.ielusc.br\/index.php\/wp-json\/wp\/v2\/media?parent=2177"}],"wp:term":[{"taxonomy":"category","embeddable":true,"href":"https:\/\/alemdojob.ielusc.br\/index.php\/wp-json\/wp\/v2\/categories?post=2177"},{"taxonomy":"post_tag","embeddable":true,"href":"https:\/\/alemdojob.ielusc.br\/index.php\/wp-json\/wp\/v2\/tags?post=2177"}],"curies":[{"name":"wp","href":"https:\/\/api.w.org\/{rel}","templated":true}]}}