{"id":2194,"date":"2020-11-28T13:54:11","date_gmt":"2020-11-28T16:54:11","guid":{"rendered":"http:\/\/alemdojob.ielusc.br\/?p=2194"},"modified":"2020-11-28T13:54:11","modified_gmt":"2020-11-28T16:54:11","slug":"publicitario-em-meio-a-industria-joinvilense","status":"publish","type":"post","link":"https:\/\/alemdojob.ielusc.br\/index.php\/2020\/11\/28\/publicitario-em-meio-a-industria-joinvilense\/","title":{"rendered":"Publicit\u00e1rio em meio a ind\u00fastria Joinvilense"},"content":{"rendered":"<p>\u00c9 quase imposs\u00edvel decidir uma profiss\u00e3o sem antes se<br \/>\nperguntar dezenas de vezes se est\u00e1 fazendo a coisa certa,<br \/>\nainda mais quando se mora na cidade mais populosa do<br \/>\nestado, da qual \u00e9 muito reconhecida pelo seu meio industrial.<br \/>\nPra voc\u00ea que est\u00e1 pensando em ser publicit\u00e1rio e est\u00e1 cansado<br \/>\nde ser desencorajado pelas pessoas por querer estudar<br \/>\ncomunica\u00e7\u00e3o em uma cidade como Joinville, temos um<br \/>\npequeno gole de esperan\u00e7a nas linhas a seguir:<\/p>\n<p>Endomarketing na ind\u00fastria<\/p>\n<p>Al\u00e9m de todo o mercado oferecido pelas empresas nos setores<br \/>\ntradicionais de marketing e comunica\u00e7\u00e3o, h\u00e1 uma vertente que<br \/>\nvem chamando a aten\u00e7\u00e3o de alguns formandos de<br \/>\npublicidade, o endomarketing. Se baseia em uma estrat\u00e9gia de<br \/>\nmarketing institucional voltada para a\u00e7\u00f5es internas na<br \/>\nempresa. \u00c9 tamb\u00e9m chamado de Marketing Interno, ele visa<br \/>\nmelhorar a imagem da empresa entre os seus colaboradores,<br \/>\nbasicamente uma equipe motivada em prol da redu\u00e7\u00e3o do<br \/>\n\u00edndice de rotatividade. A import\u00e2ncia do investimento nessa<br \/>\nestrat\u00e9gia gira em torno da influ\u00eancia dos colaboradores dentro<br \/>\nda pr\u00f3pria empresa, eles possuem contato di\u00e1rio com todos os<br \/>\nprocessos e isso os torna mais aptos para opinar e influenciar<br \/>\npessoas a respeito da marca de modo geral. Nada mais \u00e9 que<br \/>\na propaganda interna da empresa, onde o p\u00fablico alvo s\u00e3o os<br \/>\npr\u00f3prios funcion\u00e1rios.<\/p>\n<p>Muitos desses profissionais que atuam com o endomarketing<br \/>\ns\u00e3o formados em Publicidade e propaganda\/Jornalismo, um<br \/>\ndos cargos mais desejados entres esses profissionais \u00e9 o de<br \/>\nAnalista de endomarketing que tem como objetivo realizar a<br \/>\ngest\u00e3o de eventos, abastecer informa\u00e7\u00f5es no site da empresa,<br \/>\nelaborar brindes para datas comemorativas, desenvolver<br \/>\ncampanhas motivacionais. Com a m\u00e9dia salarial entre R$<br \/>\n1.800,00 e R$ 2.000,00, ainda engatinha nas profiss\u00f5es mais<br \/>\nquistas pelos formandos, pois \u00e9 uma \u00e1rea que ainda necessita<br \/>\ndesenvolvimento e procura das empresas, mas pode ser um<br \/>\ncaminho a ser seguido por voc\u00ea que sonha em trabalhar com<br \/>\ncomunica\u00e7\u00e3o e est\u00e1 em meio a tanta industria e aqui, n\u00f3s mais<br \/>\ndo que ningu\u00e9m, sabemos que estamos na chuva e vamos nos<br \/>\nmolhar. #Chuville.<\/p>\n<p>&nbsp;<\/p>\n<p>Autor: Lucas Erom<\/p>\n","protected":false},"excerpt":{"rendered":"<p>\u00c9 quase imposs\u00edvel decidir uma profiss\u00e3o sem antes se perguntar dezenas de vezes se est\u00e1 &hellip; <\/p>\n","protected":false},"author":25,"featured_media":0,"comment_status":"open","ping_status":"open","sticky":false,"template":"","format":"standard","meta":{"_mi_skip_tracking":false,"_exactmetrics_sitenote_active":false,"_exactmetrics_sitenote_note":"","_exactmetrics_sitenote_category":0,"ngg_post_thumbnail":0,"footnotes":""},"categories":[1],"tags":[],"yoast_head":"<!-- This site is optimized with the Yoast SEO plugin v21.4 - https:\/\/yoast.com\/wordpress\/plugins\/seo\/ -->\n<title>Publicit\u00e1rio em meio a ind\u00fastria Joinvilense - Al\u00e9m do Job<\/title>\n<meta name=\"robots\" content=\"index, follow, max-snippet:-1, max-image-preview:large, max-video-preview:-1\" \/>\n<link rel=\"canonical\" href=\"https:\/\/alemdojob.ielusc.br\/index.php\/2020\/11\/28\/publicitario-em-meio-a-industria-joinvilense\/\" \/>\n<meta property=\"og:locale\" content=\"pt_BR\" \/>\n<meta property=\"og:type\" content=\"article\" \/>\n<meta property=\"og:title\" content=\"Publicit\u00e1rio em meio a ind\u00fastria Joinvilense - Al\u00e9m do Job\" \/>\n<meta property=\"og:description\" content=\"\u00c9 quase imposs\u00edvel decidir uma profiss\u00e3o sem antes se perguntar dezenas de vezes se est\u00e1 &hellip;\" \/>\n<meta property=\"og:url\" content=\"https:\/\/alemdojob.ielusc.br\/index.php\/2020\/11\/28\/publicitario-em-meio-a-industria-joinvilense\/\" \/>\n<meta property=\"og:site_name\" content=\"Al\u00e9m do Job\" \/>\n<meta property=\"article:published_time\" content=\"2020-11-28T16:54:11+00:00\" \/>\n<meta name=\"author\" content=\"Vinicius Sprotte\" \/>\n<meta name=\"twitter:card\" content=\"summary_large_image\" \/>\n<meta name=\"twitter:label1\" content=\"Escrito por\" \/>\n\t<meta name=\"twitter:data1\" content=\"Vinicius Sprotte\" \/>\n\t<meta name=\"twitter:label2\" content=\"Est. tempo de leitura\" \/>\n\t<meta name=\"twitter:data2\" content=\"2 minutos\" \/>\n<script type=\"application\/ld+json\" class=\"yoast-schema-graph\">{\"@context\":\"https:\/\/schema.org\",\"@graph\":[{\"@type\":\"Article\",\"@id\":\"https:\/\/alemdojob.ielusc.br\/index.php\/2020\/11\/28\/publicitario-em-meio-a-industria-joinvilense\/#article\",\"isPartOf\":{\"@id\":\"https:\/\/alemdojob.ielusc.br\/index.php\/2020\/11\/28\/publicitario-em-meio-a-industria-joinvilense\/\"},\"author\":{\"name\":\"Vinicius Sprotte\",\"@id\":\"https:\/\/alemdojob.ielusc.br\/#\/schema\/person\/716967eb7a6c625fc6e60bc1b004078d\"},\"headline\":\"Publicit\u00e1rio em meio a ind\u00fastria Joinvilense\",\"datePublished\":\"2020-11-28T16:54:11+00:00\",\"dateModified\":\"2020-11-28T16:54:11+00:00\",\"mainEntityOfPage\":{\"@id\":\"https:\/\/alemdojob.ielusc.br\/index.php\/2020\/11\/28\/publicitario-em-meio-a-industria-joinvilense\/\"},\"wordCount\":366,\"commentCount\":0,\"publisher\":{\"@id\":\"https:\/\/alemdojob.ielusc.br\/#organization\"},\"articleSection\":[\"Tend\u00eancias\"],\"inLanguage\":\"pt-BR\",\"potentialAction\":[{\"@type\":\"CommentAction\",\"name\":\"Comment\",\"target\":[\"https:\/\/alemdojob.ielusc.br\/index.php\/2020\/11\/28\/publicitario-em-meio-a-industria-joinvilense\/#respond\"]}]},{\"@type\":\"WebPage\",\"@id\":\"https:\/\/alemdojob.ielusc.br\/index.php\/2020\/11\/28\/publicitario-em-meio-a-industria-joinvilense\/\",\"url\":\"https:\/\/alemdojob.ielusc.br\/index.php\/2020\/11\/28\/publicitario-em-meio-a-industria-joinvilense\/\",\"name\":\"Publicit\u00e1rio em meio a ind\u00fastria Joinvilense - Al\u00e9m do Job\",\"isPartOf\":{\"@id\":\"https:\/\/alemdojob.ielusc.br\/#website\"},\"datePublished\":\"2020-11-28T16:54:11+00:00\",\"dateModified\":\"2020-11-28T16:54:11+00:00\",\"breadcrumb\":{\"@id\":\"https:\/\/alemdojob.ielusc.br\/index.php\/2020\/11\/28\/publicitario-em-meio-a-industria-joinvilense\/#breadcrumb\"},\"inLanguage\":\"pt-BR\",\"potentialAction\":[{\"@type\":\"ReadAction\",\"target\":[\"https:\/\/alemdojob.ielusc.br\/index.php\/2020\/11\/28\/publicitario-em-meio-a-industria-joinvilense\/\"]}]},{\"@type\":\"BreadcrumbList\",\"@id\":\"https:\/\/alemdojob.ielusc.br\/index.php\/2020\/11\/28\/publicitario-em-meio-a-industria-joinvilense\/#breadcrumb\",\"itemListElement\":[{\"@type\":\"ListItem\",\"position\":1,\"name\":\"Home\",\"item\":\"https:\/\/alemdojob.ielusc.br\/\"},{\"@type\":\"ListItem\",\"position\":2,\"name\":\"Publicit\u00e1rio em meio a ind\u00fastria Joinvilense\"}]},{\"@type\":\"WebSite\",\"@id\":\"https:\/\/alemdojob.ielusc.br\/#website\",\"url\":\"https:\/\/alemdojob.ielusc.br\/\",\"name\":\"Al\u00e9m do Job\",\"description\":\"\",\"publisher\":{\"@id\":\"https:\/\/alemdojob.ielusc.br\/#organization\"},\"potentialAction\":[{\"@type\":\"SearchAction\",\"target\":{\"@type\":\"EntryPoint\",\"urlTemplate\":\"https:\/\/alemdojob.ielusc.br\/?s={search_term_string}\"},\"query-input\":\"required name=search_term_string\"}],\"inLanguage\":\"pt-BR\"},{\"@type\":\"Organization\",\"@id\":\"https:\/\/alemdojob.ielusc.br\/#organization\",\"name\":\"Al\u00e9m do Job\",\"url\":\"https:\/\/alemdojob.ielusc.br\/\",\"logo\":{\"@type\":\"ImageObject\",\"inLanguage\":\"pt-BR\",\"@id\":\"https:\/\/alemdojob.ielusc.br\/#\/schema\/logo\/image\/\",\"url\":\"https:\/\/alemdojob.ielusc.br\/wp-content\/uploads\/2018\/10\/cropped-Logo-Alem-do-Job-Final-e1538527573648-2.png\",\"contentUrl\":\"https:\/\/alemdojob.ielusc.br\/wp-content\/uploads\/2018\/10\/cropped-Logo-Alem-do-Job-Final-e1538527573648-2.png\",\"width\":150,\"height\":150,\"caption\":\"Al\u00e9m do Job\"},\"image\":{\"@id\":\"https:\/\/alemdojob.ielusc.br\/#\/schema\/logo\/image\/\"}},{\"@type\":\"Person\",\"@id\":\"https:\/\/alemdojob.ielusc.br\/#\/schema\/person\/716967eb7a6c625fc6e60bc1b004078d\",\"name\":\"Vinicius Sprotte\",\"image\":{\"@type\":\"ImageObject\",\"inLanguage\":\"pt-BR\",\"@id\":\"https:\/\/alemdojob.ielusc.br\/#\/schema\/person\/image\/\",\"url\":\"https:\/\/secure.gravatar.com\/avatar\/d6fbf5e34f7f1131eed30ca52c78b002?s=96&d=mm&r=g\",\"contentUrl\":\"https:\/\/secure.gravatar.com\/avatar\/d6fbf5e34f7f1131eed30ca52c78b002?s=96&d=mm&r=g\",\"caption\":\"Vinicius Sprotte\"},\"url\":\"https:\/\/alemdojob.ielusc.br\/index.php\/author\/vini_jornal\/\"}]}<\/script>\n<!-- \/ Yoast SEO plugin. -->","yoast_head_json":{"title":"Publicit\u00e1rio em meio a ind\u00fastria Joinvilense - Al\u00e9m do Job","robots":{"index":"index","follow":"follow","max-snippet":"max-snippet:-1","max-image-preview":"max-image-preview:large","max-video-preview":"max-video-preview:-1"},"canonical":"https:\/\/alemdojob.ielusc.br\/index.php\/2020\/11\/28\/publicitario-em-meio-a-industria-joinvilense\/","og_locale":"pt_BR","og_type":"article","og_title":"Publicit\u00e1rio em meio a ind\u00fastria Joinvilense - Al\u00e9m do Job","og_description":"\u00c9 quase imposs\u00edvel decidir uma profiss\u00e3o sem antes se perguntar dezenas de vezes se est\u00e1 &hellip;","og_url":"https:\/\/alemdojob.ielusc.br\/index.php\/2020\/11\/28\/publicitario-em-meio-a-industria-joinvilense\/","og_site_name":"Al\u00e9m do Job","article_published_time":"2020-11-28T16:54:11+00:00","author":"Vinicius Sprotte","twitter_card":"summary_large_image","twitter_misc":{"Escrito por":"Vinicius Sprotte","Est. tempo de leitura":"2 minutos"},"schema":{"@context":"https:\/\/schema.org","@graph":[{"@type":"Article","@id":"https:\/\/alemdojob.ielusc.br\/index.php\/2020\/11\/28\/publicitario-em-meio-a-industria-joinvilense\/#article","isPartOf":{"@id":"https:\/\/alemdojob.ielusc.br\/index.php\/2020\/11\/28\/publicitario-em-meio-a-industria-joinvilense\/"},"author":{"name":"Vinicius Sprotte","@id":"https:\/\/alemdojob.ielusc.br\/#\/schema\/person\/716967eb7a6c625fc6e60bc1b004078d"},"headline":"Publicit\u00e1rio em meio a ind\u00fastria Joinvilense","datePublished":"2020-11-28T16:54:11+00:00","dateModified":"2020-11-28T16:54:11+00:00","mainEntityOfPage":{"@id":"https:\/\/alemdojob.ielusc.br\/index.php\/2020\/11\/28\/publicitario-em-meio-a-industria-joinvilense\/"},"wordCount":366,"commentCount":0,"publisher":{"@id":"https:\/\/alemdojob.ielusc.br\/#organization"},"articleSection":["Tend\u00eancias"],"inLanguage":"pt-BR","potentialAction":[{"@type":"CommentAction","name":"Comment","target":["https:\/\/alemdojob.ielusc.br\/index.php\/2020\/11\/28\/publicitario-em-meio-a-industria-joinvilense\/#respond"]}]},{"@type":"WebPage","@id":"https:\/\/alemdojob.ielusc.br\/index.php\/2020\/11\/28\/publicitario-em-meio-a-industria-joinvilense\/","url":"https:\/\/alemdojob.ielusc.br\/index.php\/2020\/11\/28\/publicitario-em-meio-a-industria-joinvilense\/","name":"Publicit\u00e1rio em meio a ind\u00fastria Joinvilense - Al\u00e9m do Job","isPartOf":{"@id":"https:\/\/alemdojob.ielusc.br\/#website"},"datePublished":"2020-11-28T16:54:11+00:00","dateModified":"2020-11-28T16:54:11+00:00","breadcrumb":{"@id":"https:\/\/alemdojob.ielusc.br\/index.php\/2020\/11\/28\/publicitario-em-meio-a-industria-joinvilense\/#breadcrumb"},"inLanguage":"pt-BR","potentialAction":[{"@type":"ReadAction","target":["https:\/\/alemdojob.ielusc.br\/index.php\/2020\/11\/28\/publicitario-em-meio-a-industria-joinvilense\/"]}]},{"@type":"BreadcrumbList","@id":"https:\/\/alemdojob.ielusc.br\/index.php\/2020\/11\/28\/publicitario-em-meio-a-industria-joinvilense\/#breadcrumb","itemListElement":[{"@type":"ListItem","position":1,"name":"Home","item":"https:\/\/alemdojob.ielusc.br\/"},{"@type":"ListItem","position":2,"name":"Publicit\u00e1rio em meio a ind\u00fastria Joinvilense"}]},{"@type":"WebSite","@id":"https:\/\/alemdojob.ielusc.br\/#website","url":"https:\/\/alemdojob.ielusc.br\/","name":"Al\u00e9m do Job","description":"","publisher":{"@id":"https:\/\/alemdojob.ielusc.br\/#organization"},"potentialAction":[{"@type":"SearchAction","target":{"@type":"EntryPoint","urlTemplate":"https:\/\/alemdojob.ielusc.br\/?s={search_term_string}"},"query-input":"required name=search_term_string"}],"inLanguage":"pt-BR"},{"@type":"Organization","@id":"https:\/\/alemdojob.ielusc.br\/#organization","name":"Al\u00e9m do Job","url":"https:\/\/alemdojob.ielusc.br\/","logo":{"@type":"ImageObject","inLanguage":"pt-BR","@id":"https:\/\/alemdojob.ielusc.br\/#\/schema\/logo\/image\/","url":"https:\/\/alemdojob.ielusc.br\/wp-content\/uploads\/2018\/10\/cropped-Logo-Alem-do-Job-Final-e1538527573648-2.png","contentUrl":"https:\/\/alemdojob.ielusc.br\/wp-content\/uploads\/2018\/10\/cropped-Logo-Alem-do-Job-Final-e1538527573648-2.png","width":150,"height":150,"caption":"Al\u00e9m do Job"},"image":{"@id":"https:\/\/alemdojob.ielusc.br\/#\/schema\/logo\/image\/"}},{"@type":"Person","@id":"https:\/\/alemdojob.ielusc.br\/#\/schema\/person\/716967eb7a6c625fc6e60bc1b004078d","name":"Vinicius Sprotte","image":{"@type":"ImageObject","inLanguage":"pt-BR","@id":"https:\/\/alemdojob.ielusc.br\/#\/schema\/person\/image\/","url":"https:\/\/secure.gravatar.com\/avatar\/d6fbf5e34f7f1131eed30ca52c78b002?s=96&d=mm&r=g","contentUrl":"https:\/\/secure.gravatar.com\/avatar\/d6fbf5e34f7f1131eed30ca52c78b002?s=96&d=mm&r=g","caption":"Vinicius Sprotte"},"url":"https:\/\/alemdojob.ielusc.br\/index.php\/author\/vini_jornal\/"}]}},"_links":{"self":[{"href":"https:\/\/alemdojob.ielusc.br\/index.php\/wp-json\/wp\/v2\/posts\/2194"}],"collection":[{"href":"https:\/\/alemdojob.ielusc.br\/index.php\/wp-json\/wp\/v2\/posts"}],"about":[{"href":"https:\/\/alemdojob.ielusc.br\/index.php\/wp-json\/wp\/v2\/types\/post"}],"author":[{"embeddable":true,"href":"https:\/\/alemdojob.ielusc.br\/index.php\/wp-json\/wp\/v2\/users\/25"}],"replies":[{"embeddable":true,"href":"https:\/\/alemdojob.ielusc.br\/index.php\/wp-json\/wp\/v2\/comments?post=2194"}],"version-history":[{"count":1,"href":"https:\/\/alemdojob.ielusc.br\/index.php\/wp-json\/wp\/v2\/posts\/2194\/revisions"}],"predecessor-version":[{"id":2195,"href":"https:\/\/alemdojob.ielusc.br\/index.php\/wp-json\/wp\/v2\/posts\/2194\/revisions\/2195"}],"wp:attachment":[{"href":"https:\/\/alemdojob.ielusc.br\/index.php\/wp-json\/wp\/v2\/media?parent=2194"}],"wp:term":[{"taxonomy":"category","embeddable":true,"href":"https:\/\/alemdojob.ielusc.br\/index.php\/wp-json\/wp\/v2\/categories?post=2194"},{"taxonomy":"post_tag","embeddable":true,"href":"https:\/\/alemdojob.ielusc.br\/index.php\/wp-json\/wp\/v2\/tags?post=2194"}],"curies":[{"name":"wp","href":"https:\/\/api.w.org\/{rel}","templated":true}]}}