{"id":2238,"date":"2022-11-17T08:40:31","date_gmt":"2022-11-17T11:40:31","guid":{"rendered":"http:\/\/alemdojob.ielusc.br\/?p=2238"},"modified":"2022-11-17T08:40:31","modified_gmt":"2022-11-17T11:40:31","slug":"thais-vilarinho-amor-maternidade-e-inpiracao","status":"publish","type":"post","link":"https:\/\/alemdojob.ielusc.br\/index.php\/2022\/11\/17\/thais-vilarinho-amor-maternidade-e-inpiracao\/","title":{"rendered":"Tha\u00eds Vilarinho: amor, maternidade e inpira\u00e7\u00e3o"},"content":{"rendered":"<p style=\"text-align: left;\"><b>SOBRE THA\u00cdS&nbsp;<\/b><\/p>\n<p style=\"text-align: left;\"><span style=\"font-weight: 400;\">Ariana de 6 de abril, tem 35 anos. \u00c9 campineira e mora em S\u00e3o Paulo h\u00e1 8 anos. Ama Santos que \u00e9 a cidade dos seus pais! O time \u00e9 o Santos da Vila Belmiro! \u00c9 uma filha que ama demais os pais e tem imenso orgulho da sua irm\u00e3. Casada com o seu amor do cursinho e completamente apaixonada. Com ele teve dois filhos, Matheus e Thom\u00e1s, os maiores presentes que Deus poderia dar. \u00c9 fonoaudi\u00f3loga cl\u00ednica e adora o que faz. Tem amigas que s\u00e3o irm\u00e3s do cora\u00e7\u00e3o.<\/span><\/p>\n<p style=\"text-align: left;\"><b>THAIS, A ESCRITORA<\/b><\/p>\n<p style=\"text-align: left;\"><span style=\"font-weight: 400;\">Autora do best-seller \u201cM\u00e3e Fora da Caixa\u201d, que serviu de inspira\u00e7\u00e3o para a bem sucedida produ\u00e7\u00e3o teatral de mesmo nome e tem mais de um milh\u00e3o de leitores nas redes sociais.&nbsp;&nbsp;<\/span><span style=\"font-weight: 400;\">Seu segundo livro, &#8220;M\u00e3e Rec\u00e9m-Nascida&#8221;, tornou-se um best-seller no pa\u00eds, vendendo milh\u00f5es de exemplares para gestantes e pu\u00e9rperas.<\/span><\/p>\n<p style=\"text-align: left;\"><b>INSPIRA\u00c7\u00c3O<\/b><\/p>\n<p style=\"text-align: left;\"><span style=\"font-weight: 400;\">Como resultado do seu trabalho, milh\u00f5es de mulheres gr\u00e1vidas e pu\u00e9rperas em todo o pa\u00eds recorreram ao seu segundo livro, &#8220;M\u00e3e Rec\u00e9m-Nascida&#8221;, para buscar conforto. Al\u00e9m de autora de tr\u00eas livros infantis e especialista na arte de escrever sobre a maternidade , \u00e9 fonoaudi\u00f3loga de forma\u00e7\u00e3o.&nbsp;<\/span><\/p>\n<p style=\"text-align: left;\"><span style=\"font-weight: 400;\">Acima de tudo em seu terceiro trabalho para m\u00e3es, &#8220;Imagina na Adolesc\u00eancia&#8221;, ela abandona o amor e reitera a aceita\u00e7\u00e3o e a compaix\u00e3o que j\u00e1 foram suas marcas registradas para todos os &#8220;criadores de filhos&#8221;.<\/span><\/p>\n<p style=\"text-align: left;\"><span style=\"font-weight: 400;\">Por fim, o aplicativo criado por Tha\u00eds chamado &#8220;M\u00e3e Fora da Caixa&#8221; recebeu apoio da crescente identifica\u00e7\u00e3o dos leitores da rede social com seus textos. O app permite a forma\u00e7\u00e3o de grupos de discuss\u00e3o privados ou p\u00fablicos e disponibiliza conte\u00fados de qualidade.<\/span><\/p>\n<p style=\"text-align: left;\"><b>ONDE ENCONTRAR<\/b><\/p>\n<p style=\"text-align: left;\"><span style=\"font-weight: 400;\">Tha\u00eds se encontra no Instagram atrav\u00e9s do <a href=\"https:\/\/www.instagram.com\/maeforadacaixa\/?hl=pt-br\">@maeforadacaixa<\/a> e tamb\u00e9m possui um <a href=\"https:\/\/escritorathaisvilarinho.com\/\">site<\/a> pr\u00f3prio onde mant\u00e9m todos os seus materiais atualizados e disponibiliza um meio para as pessoas mandarem mensagens para ela.<\/span><\/p>\n","protected":false},"excerpt":{"rendered":"<p>SOBRE THA\u00cdS&nbsp; Ariana de 6 de abril, tem 35 anos. \u00c9 campineira e mora em &hellip; <\/p>\n","protected":false},"author":1,"featured_media":0,"comment_status":"open","ping_status":"open","sticky":false,"template":"","format":"standard","meta":{"_mi_skip_tracking":false,"_exactmetrics_sitenote_active":false,"_exactmetrics_sitenote_note":"","_exactmetrics_sitenote_category":0,"ngg_post_thumbnail":0,"footnotes":""},"categories":[1],"tags":[],"yoast_head":"<!-- This site is optimized with the Yoast SEO plugin v21.4 - https:\/\/yoast.com\/wordpress\/plugins\/seo\/ -->\n<title>Tha\u00eds Vilarinho: amor, maternidade e inpira\u00e7\u00e3o - Al\u00e9m do Job<\/title>\n<meta name=\"description\" content=\"Milh\u00f5es de mulheres gr\u00e1vidas e pu\u00e9rperas em todo o pa\u00eds recorreram ao seu segundo livro, &quot;M\u00e3e Rec\u00e9m-Nascida&quot;, para buscar conforto.\" \/>\n<meta name=\"robots\" content=\"index, follow, max-snippet:-1, max-image-preview:large, max-video-preview:-1\" \/>\n<link rel=\"canonical\" href=\"https:\/\/alemdojob.ielusc.br\/index.php\/2022\/11\/17\/thais-vilarinho-amor-maternidade-e-inpiracao\/\" \/>\n<meta property=\"og:locale\" content=\"pt_BR\" \/>\n<meta property=\"og:type\" content=\"article\" \/>\n<meta property=\"og:title\" content=\"Tha\u00eds Vilarinho: amor, maternidade e inpira\u00e7\u00e3o - Al\u00e9m do Job\" \/>\n<meta property=\"og:description\" content=\"Milh\u00f5es de mulheres gr\u00e1vidas e pu\u00e9rperas em todo o pa\u00eds recorreram ao seu segundo livro, &quot;M\u00e3e Rec\u00e9m-Nascida&quot;, para buscar conforto.\" \/>\n<meta property=\"og:url\" content=\"https:\/\/alemdojob.ielusc.br\/index.php\/2022\/11\/17\/thais-vilarinho-amor-maternidade-e-inpiracao\/\" \/>\n<meta property=\"og:site_name\" content=\"Al\u00e9m do Job\" \/>\n<meta property=\"article:published_time\" content=\"2022-11-17T11:40:31+00:00\" \/>\n<meta name=\"author\" content=\"admin\" \/>\n<meta name=\"twitter:card\" content=\"summary_large_image\" \/>\n<meta name=\"twitter:label1\" content=\"Escrito por\" \/>\n\t<meta name=\"twitter:data1\" content=\"admin\" \/>\n\t<meta name=\"twitter:label2\" content=\"Est. tempo de leitura\" \/>\n\t<meta name=\"twitter:data2\" content=\"2 minutos\" \/>\n<script type=\"application\/ld+json\" class=\"yoast-schema-graph\">{\"@context\":\"https:\/\/schema.org\",\"@graph\":[{\"@type\":\"Article\",\"@id\":\"https:\/\/alemdojob.ielusc.br\/index.php\/2022\/11\/17\/thais-vilarinho-amor-maternidade-e-inpiracao\/#article\",\"isPartOf\":{\"@id\":\"https:\/\/alemdojob.ielusc.br\/index.php\/2022\/11\/17\/thais-vilarinho-amor-maternidade-e-inpiracao\/\"},\"author\":{\"name\":\"admin\",\"@id\":\"https:\/\/alemdojob.ielusc.br\/#\/schema\/person\/f424a9ef6e4c26d6a538730daa1a28a4\"},\"headline\":\"Tha\u00eds Vilarinho: amor, maternidade e inpira\u00e7\u00e3o\",\"datePublished\":\"2022-11-17T11:40:31+00:00\",\"dateModified\":\"2022-11-17T11:40:31+00:00\",\"mainEntityOfPage\":{\"@id\":\"https:\/\/alemdojob.ielusc.br\/index.php\/2022\/11\/17\/thais-vilarinho-amor-maternidade-e-inpiracao\/\"},\"wordCount\":348,\"commentCount\":0,\"publisher\":{\"@id\":\"https:\/\/alemdojob.ielusc.br\/#organization\"},\"articleSection\":[\"Tend\u00eancias\"],\"inLanguage\":\"pt-BR\",\"potentialAction\":[{\"@type\":\"CommentAction\",\"name\":\"Comment\",\"target\":[\"https:\/\/alemdojob.ielusc.br\/index.php\/2022\/11\/17\/thais-vilarinho-amor-maternidade-e-inpiracao\/#respond\"]}]},{\"@type\":\"WebPage\",\"@id\":\"https:\/\/alemdojob.ielusc.br\/index.php\/2022\/11\/17\/thais-vilarinho-amor-maternidade-e-inpiracao\/\",\"url\":\"https:\/\/alemdojob.ielusc.br\/index.php\/2022\/11\/17\/thais-vilarinho-amor-maternidade-e-inpiracao\/\",\"name\":\"Tha\u00eds Vilarinho: amor, maternidade e inpira\u00e7\u00e3o - Al\u00e9m do Job\",\"isPartOf\":{\"@id\":\"https:\/\/alemdojob.ielusc.br\/#website\"},\"datePublished\":\"2022-11-17T11:40:31+00:00\",\"dateModified\":\"2022-11-17T11:40:31+00:00\",\"description\":\"Milh\u00f5es de mulheres gr\u00e1vidas e pu\u00e9rperas em todo o pa\u00eds recorreram ao seu segundo livro, \\\"M\u00e3e Rec\u00e9m-Nascida\\\", para buscar conforto.\",\"breadcrumb\":{\"@id\":\"https:\/\/alemdojob.ielusc.br\/index.php\/2022\/11\/17\/thais-vilarinho-amor-maternidade-e-inpiracao\/#breadcrumb\"},\"inLanguage\":\"pt-BR\",\"potentialAction\":[{\"@type\":\"ReadAction\",\"target\":[\"https:\/\/alemdojob.ielusc.br\/index.php\/2022\/11\/17\/thais-vilarinho-amor-maternidade-e-inpiracao\/\"]}]},{\"@type\":\"BreadcrumbList\",\"@id\":\"https:\/\/alemdojob.ielusc.br\/index.php\/2022\/11\/17\/thais-vilarinho-amor-maternidade-e-inpiracao\/#breadcrumb\",\"itemListElement\":[{\"@type\":\"ListItem\",\"position\":1,\"name\":\"Home\",\"item\":\"https:\/\/alemdojob.ielusc.br\/\"},{\"@type\":\"ListItem\",\"position\":2,\"name\":\"Tha\u00eds Vilarinho: amor, maternidade e inpira\u00e7\u00e3o\"}]},{\"@type\":\"WebSite\",\"@id\":\"https:\/\/alemdojob.ielusc.br\/#website\",\"url\":\"https:\/\/alemdojob.ielusc.br\/\",\"name\":\"Al\u00e9m do Job\",\"description\":\"\",\"publisher\":{\"@id\":\"https:\/\/alemdojob.ielusc.br\/#organization\"},\"potentialAction\":[{\"@type\":\"SearchAction\",\"target\":{\"@type\":\"EntryPoint\",\"urlTemplate\":\"https:\/\/alemdojob.ielusc.br\/?s={search_term_string}\"},\"query-input\":\"required name=search_term_string\"}],\"inLanguage\":\"pt-BR\"},{\"@type\":\"Organization\",\"@id\":\"https:\/\/alemdojob.ielusc.br\/#organization\",\"name\":\"Al\u00e9m do Job\",\"url\":\"https:\/\/alemdojob.ielusc.br\/\",\"logo\":{\"@type\":\"ImageObject\",\"inLanguage\":\"pt-BR\",\"@id\":\"https:\/\/alemdojob.ielusc.br\/#\/schema\/logo\/image\/\",\"url\":\"https:\/\/alemdojob.ielusc.br\/wp-content\/uploads\/2018\/10\/cropped-Logo-Alem-do-Job-Final-e1538527573648-2.png\",\"contentUrl\":\"https:\/\/alemdojob.ielusc.br\/wp-content\/uploads\/2018\/10\/cropped-Logo-Alem-do-Job-Final-e1538527573648-2.png\",\"width\":150,\"height\":150,\"caption\":\"Al\u00e9m do Job\"},\"image\":{\"@id\":\"https:\/\/alemdojob.ielusc.br\/#\/schema\/logo\/image\/\"}},{\"@type\":\"Person\",\"@id\":\"https:\/\/alemdojob.ielusc.br\/#\/schema\/person\/f424a9ef6e4c26d6a538730daa1a28a4\",\"name\":\"admin\",\"image\":{\"@type\":\"ImageObject\",\"inLanguage\":\"pt-BR\",\"@id\":\"https:\/\/alemdojob.ielusc.br\/#\/schema\/person\/image\/\",\"url\":\"https:\/\/secure.gravatar.com\/avatar\/d5127c65e67bfa28077a24f955302171?s=96&d=mm&r=g\",\"contentUrl\":\"https:\/\/secure.gravatar.com\/avatar\/d5127c65e67bfa28077a24f955302171?s=96&d=mm&r=g\",\"caption\":\"admin\"},\"url\":\"https:\/\/alemdojob.ielusc.br\/index.php\/author\/admin\/\"}]}<\/script>\n<!-- \/ Yoast SEO plugin. -->","yoast_head_json":{"title":"Tha\u00eds Vilarinho: amor, maternidade e inpira\u00e7\u00e3o - Al\u00e9m do Job","description":"Milh\u00f5es de mulheres gr\u00e1vidas e pu\u00e9rperas em todo o pa\u00eds recorreram ao seu segundo livro, \"M\u00e3e Rec\u00e9m-Nascida\", para buscar conforto.","robots":{"index":"index","follow":"follow","max-snippet":"max-snippet:-1","max-image-preview":"max-image-preview:large","max-video-preview":"max-video-preview:-1"},"canonical":"https:\/\/alemdojob.ielusc.br\/index.php\/2022\/11\/17\/thais-vilarinho-amor-maternidade-e-inpiracao\/","og_locale":"pt_BR","og_type":"article","og_title":"Tha\u00eds Vilarinho: amor, maternidade e inpira\u00e7\u00e3o - Al\u00e9m do Job","og_description":"Milh\u00f5es de mulheres gr\u00e1vidas e pu\u00e9rperas em todo o pa\u00eds recorreram ao seu segundo livro, \"M\u00e3e Rec\u00e9m-Nascida\", para buscar conforto.","og_url":"https:\/\/alemdojob.ielusc.br\/index.php\/2022\/11\/17\/thais-vilarinho-amor-maternidade-e-inpiracao\/","og_site_name":"Al\u00e9m do Job","article_published_time":"2022-11-17T11:40:31+00:00","author":"admin","twitter_card":"summary_large_image","twitter_misc":{"Escrito por":"admin","Est. tempo de leitura":"2 minutos"},"schema":{"@context":"https:\/\/schema.org","@graph":[{"@type":"Article","@id":"https:\/\/alemdojob.ielusc.br\/index.php\/2022\/11\/17\/thais-vilarinho-amor-maternidade-e-inpiracao\/#article","isPartOf":{"@id":"https:\/\/alemdojob.ielusc.br\/index.php\/2022\/11\/17\/thais-vilarinho-amor-maternidade-e-inpiracao\/"},"author":{"name":"admin","@id":"https:\/\/alemdojob.ielusc.br\/#\/schema\/person\/f424a9ef6e4c26d6a538730daa1a28a4"},"headline":"Tha\u00eds Vilarinho: amor, maternidade e inpira\u00e7\u00e3o","datePublished":"2022-11-17T11:40:31+00:00","dateModified":"2022-11-17T11:40:31+00:00","mainEntityOfPage":{"@id":"https:\/\/alemdojob.ielusc.br\/index.php\/2022\/11\/17\/thais-vilarinho-amor-maternidade-e-inpiracao\/"},"wordCount":348,"commentCount":0,"publisher":{"@id":"https:\/\/alemdojob.ielusc.br\/#organization"},"articleSection":["Tend\u00eancias"],"inLanguage":"pt-BR","potentialAction":[{"@type":"CommentAction","name":"Comment","target":["https:\/\/alemdojob.ielusc.br\/index.php\/2022\/11\/17\/thais-vilarinho-amor-maternidade-e-inpiracao\/#respond"]}]},{"@type":"WebPage","@id":"https:\/\/alemdojob.ielusc.br\/index.php\/2022\/11\/17\/thais-vilarinho-amor-maternidade-e-inpiracao\/","url":"https:\/\/alemdojob.ielusc.br\/index.php\/2022\/11\/17\/thais-vilarinho-amor-maternidade-e-inpiracao\/","name":"Tha\u00eds Vilarinho: amor, maternidade e inpira\u00e7\u00e3o - Al\u00e9m do Job","isPartOf":{"@id":"https:\/\/alemdojob.ielusc.br\/#website"},"datePublished":"2022-11-17T11:40:31+00:00","dateModified":"2022-11-17T11:40:31+00:00","description":"Milh\u00f5es de mulheres gr\u00e1vidas e pu\u00e9rperas em todo o pa\u00eds recorreram ao seu segundo livro, \"M\u00e3e Rec\u00e9m-Nascida\", para buscar conforto.","breadcrumb":{"@id":"https:\/\/alemdojob.ielusc.br\/index.php\/2022\/11\/17\/thais-vilarinho-amor-maternidade-e-inpiracao\/#breadcrumb"},"inLanguage":"pt-BR","potentialAction":[{"@type":"ReadAction","target":["https:\/\/alemdojob.ielusc.br\/index.php\/2022\/11\/17\/thais-vilarinho-amor-maternidade-e-inpiracao\/"]}]},{"@type":"BreadcrumbList","@id":"https:\/\/alemdojob.ielusc.br\/index.php\/2022\/11\/17\/thais-vilarinho-amor-maternidade-e-inpiracao\/#breadcrumb","itemListElement":[{"@type":"ListItem","position":1,"name":"Home","item":"https:\/\/alemdojob.ielusc.br\/"},{"@type":"ListItem","position":2,"name":"Tha\u00eds Vilarinho: amor, maternidade e inpira\u00e7\u00e3o"}]},{"@type":"WebSite","@id":"https:\/\/alemdojob.ielusc.br\/#website","url":"https:\/\/alemdojob.ielusc.br\/","name":"Al\u00e9m do Job","description":"","publisher":{"@id":"https:\/\/alemdojob.ielusc.br\/#organization"},"potentialAction":[{"@type":"SearchAction","target":{"@type":"EntryPoint","urlTemplate":"https:\/\/alemdojob.ielusc.br\/?s={search_term_string}"},"query-input":"required name=search_term_string"}],"inLanguage":"pt-BR"},{"@type":"Organization","@id":"https:\/\/alemdojob.ielusc.br\/#organization","name":"Al\u00e9m do Job","url":"https:\/\/alemdojob.ielusc.br\/","logo":{"@type":"ImageObject","inLanguage":"pt-BR","@id":"https:\/\/alemdojob.ielusc.br\/#\/schema\/logo\/image\/","url":"https:\/\/alemdojob.ielusc.br\/wp-content\/uploads\/2018\/10\/cropped-Logo-Alem-do-Job-Final-e1538527573648-2.png","contentUrl":"https:\/\/alemdojob.ielusc.br\/wp-content\/uploads\/2018\/10\/cropped-Logo-Alem-do-Job-Final-e1538527573648-2.png","width":150,"height":150,"caption":"Al\u00e9m do Job"},"image":{"@id":"https:\/\/alemdojob.ielusc.br\/#\/schema\/logo\/image\/"}},{"@type":"Person","@id":"https:\/\/alemdojob.ielusc.br\/#\/schema\/person\/f424a9ef6e4c26d6a538730daa1a28a4","name":"admin","image":{"@type":"ImageObject","inLanguage":"pt-BR","@id":"https:\/\/alemdojob.ielusc.br\/#\/schema\/person\/image\/","url":"https:\/\/secure.gravatar.com\/avatar\/d5127c65e67bfa28077a24f955302171?s=96&d=mm&r=g","contentUrl":"https:\/\/secure.gravatar.com\/avatar\/d5127c65e67bfa28077a24f955302171?s=96&d=mm&r=g","caption":"admin"},"url":"https:\/\/alemdojob.ielusc.br\/index.php\/author\/admin\/"}]}},"_links":{"self":[{"href":"https:\/\/alemdojob.ielusc.br\/index.php\/wp-json\/wp\/v2\/posts\/2238"}],"collection":[{"href":"https:\/\/alemdojob.ielusc.br\/index.php\/wp-json\/wp\/v2\/posts"}],"about":[{"href":"https:\/\/alemdojob.ielusc.br\/index.php\/wp-json\/wp\/v2\/types\/post"}],"author":[{"embeddable":true,"href":"https:\/\/alemdojob.ielusc.br\/index.php\/wp-json\/wp\/v2\/users\/1"}],"replies":[{"embeddable":true,"href":"https:\/\/alemdojob.ielusc.br\/index.php\/wp-json\/wp\/v2\/comments?post=2238"}],"version-history":[{"count":1,"href":"https:\/\/alemdojob.ielusc.br\/index.php\/wp-json\/wp\/v2\/posts\/2238\/revisions"}],"predecessor-version":[{"id":2288,"href":"https:\/\/alemdojob.ielusc.br\/index.php\/wp-json\/wp\/v2\/posts\/2238\/revisions\/2288"}],"wp:attachment":[{"href":"https:\/\/alemdojob.ielusc.br\/index.php\/wp-json\/wp\/v2\/media?parent=2238"}],"wp:term":[{"taxonomy":"category","embeddable":true,"href":"https:\/\/alemdojob.ielusc.br\/index.php\/wp-json\/wp\/v2\/categories?post=2238"},{"taxonomy":"post_tag","embeddable":true,"href":"https:\/\/alemdojob.ielusc.br\/index.php\/wp-json\/wp\/v2\/tags?post=2238"}],"curies":[{"name":"wp","href":"https:\/\/api.w.org\/{rel}","templated":true}]}}