{"id":2333,"date":"2022-11-15T20:57:58","date_gmt":"2022-11-15T23:57:58","guid":{"rendered":"http:\/\/alemdojob.ielusc.br\/?p=2333"},"modified":"2022-11-15T21:02:20","modified_gmt":"2022-11-16T00:02:20","slug":"5-passos-para-escolher-o-movel-ideal","status":"publish","type":"post","link":"https:\/\/alemdojob.ielusc.br\/index.php\/2022\/11\/15\/5-passos-para-escolher-o-movel-ideal\/","title":{"rendered":"5 passos pr\u00e1ticos para trocar de m\u00f3veis"},"content":{"rendered":"<p><span style=\"font-weight: 400;\">Seja a primeira vez que for escolher os m\u00f3veis para dentro de casa ou por chegar aquele momento em que os antigos precisam ser renovados, a d\u00favida de como fazer uma boa escolha sempre acaba batendo na porta.<\/span><\/p>\n<p><span style=\"font-weight: 400;\">Por ser algo n\u00e3o muito comum em nossa rotina, quest\u00f5es como tamanho, pre\u00e7o, cores e disposi\u00e7\u00e3o se fazem presentes, ainda mais por terem um valor mais elevado e compor a decora\u00e7\u00e3o do lar por muitos anos.<\/span><\/p>\n<p><span style=\"font-weight: 400;\">Mas fique tranquilo, vamos mostrar em <strong>5 passos como descomplicar essa escolha<\/strong> e deixar a sua casa aconchegante e completa.<\/span><\/p>\n<h2><span style=\"font-weight: 400;\">Defina um or\u00e7amento<\/span><\/h2>\n<p><span style=\"font-weight: 400;\">Antes de qualquer passo, <\/span><b>calcule o quanto voc\u00ea deseja gastar<\/b><span style=\"font-weight: 400;\"> no final de toda a mudan\u00e7a. Esse ser\u00e1 o seu norte na hora de decidir todos os pr\u00f3ximos pontos, afinal, \u00e9 muito f\u00e1cil escolher tudo o que deseja e, na hora de somar as despesas, perceber que o valor passou do esperado.<\/span><\/p>\n<h2><span style=\"font-weight: 400;\">Medidas<\/span><\/h2>\n<p><span style=\"font-weight: 400;\">Voc\u00ea pensa em usar as mesmas medidas dos atuais ou inovar com novos modelos? Para essa escolha, <\/span><b>comece medindo o espa\u00e7o dispon\u00edvel<\/b><span style=\"font-weight: 400;\">, paredes, ch\u00e3o ou tudo aquilo que voc\u00ea deseja preencher e quais ser\u00e3o os tamanhos dos m\u00f3veis.<\/span><\/p>\n<h2><span style=\"font-weight: 400;\">Simule a organiza\u00e7\u00e3o<\/span><\/h2>\n<p><span style=\"font-weight: 400;\">Anotou as medidas? <\/span><span style=\"font-weight: 400;\">Ent\u00e3o, <\/span><b>aqui vai um passo que vale ouro<\/b><span style=\"font-weight: 400;\">: <\/span><\/p>\n<p><span style=\"font-weight: 400;\">Comece a pensar em como os seus m\u00f3veis ficar\u00e3o distribu\u00eddos no c\u00f4modo, se ser\u00e3o suspensos ou de ch\u00e3o, assim que for decidindo, pegue uma fita crepe e v\u00e1 marcando onde eles ficar\u00e3o, j\u00e1 com as medidas previstas.&nbsp;<\/span><\/p>\n<p><span style=\"font-weight: 400;\">Esse processo \u00e9 importante para que voc\u00ea saiba quanto de espa\u00e7o ter\u00e1 depois de instalados.<\/span><\/p>\n<h2><span style=\"font-weight: 400;\">Definir paleta de cores<\/span><\/h2>\n<p><span style=\"font-weight: 400;\">Esse \u00e9 um dos passos mais importantes para a composi\u00e7\u00e3o do novo ambiente. Quais s\u00e3o seus planos para ele?<\/span><\/p>\n<p><span style=\"font-weight: 400;\"> Geralmente, nessa etapa, costumamos nos empolgar e escolher logo a nossa cor preferida, entretanto, precisamos ter um <\/span><b>cuidado extra para que o c\u00f4modo n\u00e3o fique muito carregado<\/b><span style=\"font-weight: 400;\">, ou seja, com informa\u00e7\u00f5es excessivas, mistura de decora\u00e7\u00f5es e cores que causam estranhamento quando usadas juntas.<\/span><\/p>\n<p><span style=\"font-weight: 400;\">O segredo \u00e9 colocar em pr\u00e1tica o ditado <\/span><b>\u201cmenos \u00e9 mais\u201d<\/b><span style=\"font-weight: 400;\">. <\/span><\/p>\n<p><span style=\"font-weight: 400;\">Cores claras e neutras, tendem a combinar mais facilmente com diversos tipos de adere\u00e7os e o melhor de tudo: voc\u00ea pode mudar seus acess\u00f3rios quando quiser e n\u00e3o vai precisar escolher novos m\u00f3veis ou correr o risco de n\u00e3o combinar mais.<\/span><\/p>\n<p><span style=\"font-weight: 400;\">Caso voc\u00ea n\u00e3o tenha muitos conhecimentos de cores e combina\u00e7\u00f5es, \u00e9 s\u00f3 <\/span><a href=\"https:\/\/color.adobe.com\/pt\/create\/color-wheel\"><span style=\"font-weight: 400;\">clicar aqui<\/span><\/a><span style=\"font-weight: 400;\">, esse site mostra como tornar a escolha mais harmoniosa.<\/span><\/p>\n<h2><span style=\"font-weight: 400;\">Utilidade do produto<\/span><\/h2>\n<p><span style=\"font-weight: 400;\">Quando o or\u00e7amento \u00e9 limitado ou o ambiente possui um espa\u00e7o reduzido, a escolha dos m\u00f3veis precisa ser pensada de maneira inteligente, ou seja, voc\u00ea pode dar <\/span><b>mais de uma fun\u00e7\u00e3o a um mesmo produto<\/b><span style=\"font-weight: 400;\">.<\/span><\/p>\n<p><span style=\"font-weight: 400;\">Provavelmente voc\u00ea j\u00e1 viu camas embutidas, bancadas extens\u00edveis ou mesas flex\u00edveis, esses s\u00e3o alguns dos exemplos de como deixar a sua casa mais funcional e espa\u00e7osa.<\/span><\/p>\n<p><span style=\"font-weight: 400;\">Sendo assim, se voc\u00ea deseja economizar mais e aproveitar melhor cada m\u00b2,<strong> aposte em m\u00f3veis multifuncionais<\/strong>. A sua escolha ser\u00e1 certeira.<\/span><\/p>\n<p>&nbsp;<\/p>\n<p><span style=\"font-weight: 400;\">Voc\u00ea acabou de ver <\/span><b>5 passos pr\u00e1ticos para adicionar na sua lista de afazeres<\/b><span style=\"font-weight: 400;\"> no momento que for trocar de m\u00f3veis. E, se esse material ajudou voc\u00ea, compartilhe com um amigo que tamb\u00e9m deseja renovar o lar.<\/span><\/p>\n<p><span style=\"font-weight: 400;\">Ah! Agora que a sua casa est\u00e1 de cara nova, o que acha de preparar ela para o Natal? Separamos algumas dicas incr\u00edveis para deixar o ambiente ainda mais aconchegante, \u00e9 s\u00f3 <\/span><a href=\"https:\/\/alemdojob.ielusc.br\/index.php\/2022\/11\/14\/dicas-de-decoracao-para-o-seu-natal\/\"><b>clicar aqui<\/b><\/a><b>.<\/b><\/p>\n<p>&nbsp;<\/p>\n<p><em>Texto desenvolvido por Sabrina, para a disciplina de M\u00eddias Sociais.<\/em><\/p>\n","protected":false},"excerpt":{"rendered":"<p>Trocar os m\u00f3veis n\u00e3o precisa mais ser motivo de preocupa\u00e7\u00e3o. Em 5 passos, ajudamos voc\u00ea a escolher de maneira inteligente a sua nova compra.<\/p>\n","protected":false},"author":1,"featured_media":0,"comment_status":"open","ping_status":"open","sticky":false,"template":"","format":"standard","meta":{"_mi_skip_tracking":false,"_exactmetrics_sitenote_active":false,"_exactmetrics_sitenote_note":"","_exactmetrics_sitenote_category":0,"ngg_post_thumbnail":0,"footnotes":""},"categories":[1],"tags":[],"yoast_head":"<!-- This site is optimized with the Yoast SEO plugin v21.4 - https:\/\/yoast.com\/wordpress\/plugins\/seo\/ -->\n<title>5 passos pr\u00e1ticos para trocar de m\u00f3veis - Al\u00e9m do Job<\/title>\n<meta name=\"description\" content=\"Trocar os m\u00f3veis n\u00e3o precisa mais ser motivo de preocupa\u00e7\u00e3o. Em 5 passos, ajudamos voc\u00ea a escolher de maneira inteligente a sua nova compra.\" \/>\n<meta name=\"robots\" content=\"index, follow, max-snippet:-1, max-image-preview:large, max-video-preview:-1\" \/>\n<link rel=\"canonical\" href=\"https:\/\/alemdojob.ielusc.br\/index.php\/2022\/11\/15\/5-passos-para-escolher-o-movel-ideal\/\" \/>\n<meta property=\"og:locale\" content=\"pt_BR\" \/>\n<meta property=\"og:type\" content=\"article\" \/>\n<meta property=\"og:title\" content=\"5 passos pr\u00e1ticos para trocar de m\u00f3veis - Al\u00e9m do Job\" \/>\n<meta property=\"og:description\" content=\"Trocar os m\u00f3veis n\u00e3o precisa mais ser motivo de preocupa\u00e7\u00e3o. Em 5 passos, ajudamos voc\u00ea a escolher de maneira inteligente a sua nova compra.\" \/>\n<meta property=\"og:url\" content=\"https:\/\/alemdojob.ielusc.br\/index.php\/2022\/11\/15\/5-passos-para-escolher-o-movel-ideal\/\" \/>\n<meta property=\"og:site_name\" content=\"Al\u00e9m do Job\" \/>\n<meta property=\"article:published_time\" content=\"2022-11-15T23:57:58+00:00\" \/>\n<meta property=\"article:modified_time\" content=\"2022-11-16T00:02:20+00:00\" \/>\n<meta name=\"author\" content=\"admin\" \/>\n<meta name=\"twitter:card\" content=\"summary_large_image\" \/>\n<meta name=\"twitter:label1\" content=\"Escrito por\" \/>\n\t<meta name=\"twitter:data1\" content=\"admin\" \/>\n\t<meta name=\"twitter:label2\" content=\"Est. tempo de leitura\" \/>\n\t<meta name=\"twitter:data2\" content=\"3 minutos\" \/>\n<script type=\"application\/ld+json\" class=\"yoast-schema-graph\">{\"@context\":\"https:\/\/schema.org\",\"@graph\":[{\"@type\":\"Article\",\"@id\":\"https:\/\/alemdojob.ielusc.br\/index.php\/2022\/11\/15\/5-passos-para-escolher-o-movel-ideal\/#article\",\"isPartOf\":{\"@id\":\"https:\/\/alemdojob.ielusc.br\/index.php\/2022\/11\/15\/5-passos-para-escolher-o-movel-ideal\/\"},\"author\":{\"name\":\"admin\",\"@id\":\"https:\/\/alemdojob.ielusc.br\/#\/schema\/person\/f424a9ef6e4c26d6a538730daa1a28a4\"},\"headline\":\"5 passos pr\u00e1ticos para trocar de m\u00f3veis\",\"datePublished\":\"2022-11-15T23:57:58+00:00\",\"dateModified\":\"2022-11-16T00:02:20+00:00\",\"mainEntityOfPage\":{\"@id\":\"https:\/\/alemdojob.ielusc.br\/index.php\/2022\/11\/15\/5-passos-para-escolher-o-movel-ideal\/\"},\"wordCount\":616,\"commentCount\":0,\"publisher\":{\"@id\":\"https:\/\/alemdojob.ielusc.br\/#organization\"},\"articleSection\":[\"Tend\u00eancias\"],\"inLanguage\":\"pt-BR\",\"potentialAction\":[{\"@type\":\"CommentAction\",\"name\":\"Comment\",\"target\":[\"https:\/\/alemdojob.ielusc.br\/index.php\/2022\/11\/15\/5-passos-para-escolher-o-movel-ideal\/#respond\"]}]},{\"@type\":\"WebPage\",\"@id\":\"https:\/\/alemdojob.ielusc.br\/index.php\/2022\/11\/15\/5-passos-para-escolher-o-movel-ideal\/\",\"url\":\"https:\/\/alemdojob.ielusc.br\/index.php\/2022\/11\/15\/5-passos-para-escolher-o-movel-ideal\/\",\"name\":\"5 passos pr\u00e1ticos para trocar de m\u00f3veis - Al\u00e9m do Job\",\"isPartOf\":{\"@id\":\"https:\/\/alemdojob.ielusc.br\/#website\"},\"datePublished\":\"2022-11-15T23:57:58+00:00\",\"dateModified\":\"2022-11-16T00:02:20+00:00\",\"description\":\"Trocar os m\u00f3veis n\u00e3o precisa mais ser motivo de preocupa\u00e7\u00e3o. Em 5 passos, ajudamos voc\u00ea a escolher de maneira inteligente a sua nova compra.\",\"breadcrumb\":{\"@id\":\"https:\/\/alemdojob.ielusc.br\/index.php\/2022\/11\/15\/5-passos-para-escolher-o-movel-ideal\/#breadcrumb\"},\"inLanguage\":\"pt-BR\",\"potentialAction\":[{\"@type\":\"ReadAction\",\"target\":[\"https:\/\/alemdojob.ielusc.br\/index.php\/2022\/11\/15\/5-passos-para-escolher-o-movel-ideal\/\"]}]},{\"@type\":\"BreadcrumbList\",\"@id\":\"https:\/\/alemdojob.ielusc.br\/index.php\/2022\/11\/15\/5-passos-para-escolher-o-movel-ideal\/#breadcrumb\",\"itemListElement\":[{\"@type\":\"ListItem\",\"position\":1,\"name\":\"Home\",\"item\":\"https:\/\/alemdojob.ielusc.br\/\"},{\"@type\":\"ListItem\",\"position\":2,\"name\":\"5 passos pr\u00e1ticos para trocar de m\u00f3veis\"}]},{\"@type\":\"WebSite\",\"@id\":\"https:\/\/alemdojob.ielusc.br\/#website\",\"url\":\"https:\/\/alemdojob.ielusc.br\/\",\"name\":\"Al\u00e9m do Job\",\"description\":\"\",\"publisher\":{\"@id\":\"https:\/\/alemdojob.ielusc.br\/#organization\"},\"potentialAction\":[{\"@type\":\"SearchAction\",\"target\":{\"@type\":\"EntryPoint\",\"urlTemplate\":\"https:\/\/alemdojob.ielusc.br\/?s={search_term_string}\"},\"query-input\":\"required name=search_term_string\"}],\"inLanguage\":\"pt-BR\"},{\"@type\":\"Organization\",\"@id\":\"https:\/\/alemdojob.ielusc.br\/#organization\",\"name\":\"Al\u00e9m do Job\",\"url\":\"https:\/\/alemdojob.ielusc.br\/\",\"logo\":{\"@type\":\"ImageObject\",\"inLanguage\":\"pt-BR\",\"@id\":\"https:\/\/alemdojob.ielusc.br\/#\/schema\/logo\/image\/\",\"url\":\"https:\/\/alemdojob.ielusc.br\/wp-content\/uploads\/2018\/10\/cropped-Logo-Alem-do-Job-Final-e1538527573648-2.png\",\"contentUrl\":\"https:\/\/alemdojob.ielusc.br\/wp-content\/uploads\/2018\/10\/cropped-Logo-Alem-do-Job-Final-e1538527573648-2.png\",\"width\":150,\"height\":150,\"caption\":\"Al\u00e9m do Job\"},\"image\":{\"@id\":\"https:\/\/alemdojob.ielusc.br\/#\/schema\/logo\/image\/\"}},{\"@type\":\"Person\",\"@id\":\"https:\/\/alemdojob.ielusc.br\/#\/schema\/person\/f424a9ef6e4c26d6a538730daa1a28a4\",\"name\":\"admin\",\"image\":{\"@type\":\"ImageObject\",\"inLanguage\":\"pt-BR\",\"@id\":\"https:\/\/alemdojob.ielusc.br\/#\/schema\/person\/image\/\",\"url\":\"https:\/\/secure.gravatar.com\/avatar\/d5127c65e67bfa28077a24f955302171?s=96&d=mm&r=g\",\"contentUrl\":\"https:\/\/secure.gravatar.com\/avatar\/d5127c65e67bfa28077a24f955302171?s=96&d=mm&r=g\",\"caption\":\"admin\"},\"url\":\"https:\/\/alemdojob.ielusc.br\/index.php\/author\/admin\/\"}]}<\/script>\n<!-- \/ Yoast SEO plugin. -->","yoast_head_json":{"title":"5 passos pr\u00e1ticos para trocar de m\u00f3veis - Al\u00e9m do Job","description":"Trocar os m\u00f3veis n\u00e3o precisa mais ser motivo de preocupa\u00e7\u00e3o. Em 5 passos, ajudamos voc\u00ea a escolher de maneira inteligente a sua nova compra.","robots":{"index":"index","follow":"follow","max-snippet":"max-snippet:-1","max-image-preview":"max-image-preview:large","max-video-preview":"max-video-preview:-1"},"canonical":"https:\/\/alemdojob.ielusc.br\/index.php\/2022\/11\/15\/5-passos-para-escolher-o-movel-ideal\/","og_locale":"pt_BR","og_type":"article","og_title":"5 passos pr\u00e1ticos para trocar de m\u00f3veis - Al\u00e9m do Job","og_description":"Trocar os m\u00f3veis n\u00e3o precisa mais ser motivo de preocupa\u00e7\u00e3o. Em 5 passos, ajudamos voc\u00ea a escolher de maneira inteligente a sua nova compra.","og_url":"https:\/\/alemdojob.ielusc.br\/index.php\/2022\/11\/15\/5-passos-para-escolher-o-movel-ideal\/","og_site_name":"Al\u00e9m do Job","article_published_time":"2022-11-15T23:57:58+00:00","article_modified_time":"2022-11-16T00:02:20+00:00","author":"admin","twitter_card":"summary_large_image","twitter_misc":{"Escrito por":"admin","Est. tempo de leitura":"3 minutos"},"schema":{"@context":"https:\/\/schema.org","@graph":[{"@type":"Article","@id":"https:\/\/alemdojob.ielusc.br\/index.php\/2022\/11\/15\/5-passos-para-escolher-o-movel-ideal\/#article","isPartOf":{"@id":"https:\/\/alemdojob.ielusc.br\/index.php\/2022\/11\/15\/5-passos-para-escolher-o-movel-ideal\/"},"author":{"name":"admin","@id":"https:\/\/alemdojob.ielusc.br\/#\/schema\/person\/f424a9ef6e4c26d6a538730daa1a28a4"},"headline":"5 passos pr\u00e1ticos para trocar de m\u00f3veis","datePublished":"2022-11-15T23:57:58+00:00","dateModified":"2022-11-16T00:02:20+00:00","mainEntityOfPage":{"@id":"https:\/\/alemdojob.ielusc.br\/index.php\/2022\/11\/15\/5-passos-para-escolher-o-movel-ideal\/"},"wordCount":616,"commentCount":0,"publisher":{"@id":"https:\/\/alemdojob.ielusc.br\/#organization"},"articleSection":["Tend\u00eancias"],"inLanguage":"pt-BR","potentialAction":[{"@type":"CommentAction","name":"Comment","target":["https:\/\/alemdojob.ielusc.br\/index.php\/2022\/11\/15\/5-passos-para-escolher-o-movel-ideal\/#respond"]}]},{"@type":"WebPage","@id":"https:\/\/alemdojob.ielusc.br\/index.php\/2022\/11\/15\/5-passos-para-escolher-o-movel-ideal\/","url":"https:\/\/alemdojob.ielusc.br\/index.php\/2022\/11\/15\/5-passos-para-escolher-o-movel-ideal\/","name":"5 passos pr\u00e1ticos para trocar de m\u00f3veis - Al\u00e9m do Job","isPartOf":{"@id":"https:\/\/alemdojob.ielusc.br\/#website"},"datePublished":"2022-11-15T23:57:58+00:00","dateModified":"2022-11-16T00:02:20+00:00","description":"Trocar os m\u00f3veis n\u00e3o precisa mais ser motivo de preocupa\u00e7\u00e3o. Em 5 passos, ajudamos voc\u00ea a escolher de maneira inteligente a sua nova compra.","breadcrumb":{"@id":"https:\/\/alemdojob.ielusc.br\/index.php\/2022\/11\/15\/5-passos-para-escolher-o-movel-ideal\/#breadcrumb"},"inLanguage":"pt-BR","potentialAction":[{"@type":"ReadAction","target":["https:\/\/alemdojob.ielusc.br\/index.php\/2022\/11\/15\/5-passos-para-escolher-o-movel-ideal\/"]}]},{"@type":"BreadcrumbList","@id":"https:\/\/alemdojob.ielusc.br\/index.php\/2022\/11\/15\/5-passos-para-escolher-o-movel-ideal\/#breadcrumb","itemListElement":[{"@type":"ListItem","position":1,"name":"Home","item":"https:\/\/alemdojob.ielusc.br\/"},{"@type":"ListItem","position":2,"name":"5 passos pr\u00e1ticos para trocar de m\u00f3veis"}]},{"@type":"WebSite","@id":"https:\/\/alemdojob.ielusc.br\/#website","url":"https:\/\/alemdojob.ielusc.br\/","name":"Al\u00e9m do Job","description":"","publisher":{"@id":"https:\/\/alemdojob.ielusc.br\/#organization"},"potentialAction":[{"@type":"SearchAction","target":{"@type":"EntryPoint","urlTemplate":"https:\/\/alemdojob.ielusc.br\/?s={search_term_string}"},"query-input":"required name=search_term_string"}],"inLanguage":"pt-BR"},{"@type":"Organization","@id":"https:\/\/alemdojob.ielusc.br\/#organization","name":"Al\u00e9m do Job","url":"https:\/\/alemdojob.ielusc.br\/","logo":{"@type":"ImageObject","inLanguage":"pt-BR","@id":"https:\/\/alemdojob.ielusc.br\/#\/schema\/logo\/image\/","url":"https:\/\/alemdojob.ielusc.br\/wp-content\/uploads\/2018\/10\/cropped-Logo-Alem-do-Job-Final-e1538527573648-2.png","contentUrl":"https:\/\/alemdojob.ielusc.br\/wp-content\/uploads\/2018\/10\/cropped-Logo-Alem-do-Job-Final-e1538527573648-2.png","width":150,"height":150,"caption":"Al\u00e9m do Job"},"image":{"@id":"https:\/\/alemdojob.ielusc.br\/#\/schema\/logo\/image\/"}},{"@type":"Person","@id":"https:\/\/alemdojob.ielusc.br\/#\/schema\/person\/f424a9ef6e4c26d6a538730daa1a28a4","name":"admin","image":{"@type":"ImageObject","inLanguage":"pt-BR","@id":"https:\/\/alemdojob.ielusc.br\/#\/schema\/person\/image\/","url":"https:\/\/secure.gravatar.com\/avatar\/d5127c65e67bfa28077a24f955302171?s=96&d=mm&r=g","contentUrl":"https:\/\/secure.gravatar.com\/avatar\/d5127c65e67bfa28077a24f955302171?s=96&d=mm&r=g","caption":"admin"},"url":"https:\/\/alemdojob.ielusc.br\/index.php\/author\/admin\/"}]}},"_links":{"self":[{"href":"https:\/\/alemdojob.ielusc.br\/index.php\/wp-json\/wp\/v2\/posts\/2333"}],"collection":[{"href":"https:\/\/alemdojob.ielusc.br\/index.php\/wp-json\/wp\/v2\/posts"}],"about":[{"href":"https:\/\/alemdojob.ielusc.br\/index.php\/wp-json\/wp\/v2\/types\/post"}],"author":[{"embeddable":true,"href":"https:\/\/alemdojob.ielusc.br\/index.php\/wp-json\/wp\/v2\/users\/1"}],"replies":[{"embeddable":true,"href":"https:\/\/alemdojob.ielusc.br\/index.php\/wp-json\/wp\/v2\/comments?post=2333"}],"version-history":[{"count":5,"href":"https:\/\/alemdojob.ielusc.br\/index.php\/wp-json\/wp\/v2\/posts\/2333\/revisions"}],"predecessor-version":[{"id":2338,"href":"https:\/\/alemdojob.ielusc.br\/index.php\/wp-json\/wp\/v2\/posts\/2333\/revisions\/2338"}],"wp:attachment":[{"href":"https:\/\/alemdojob.ielusc.br\/index.php\/wp-json\/wp\/v2\/media?parent=2333"}],"wp:term":[{"taxonomy":"category","embeddable":true,"href":"https:\/\/alemdojob.ielusc.br\/index.php\/wp-json\/wp\/v2\/categories?post=2333"},{"taxonomy":"post_tag","embeddable":true,"href":"https:\/\/alemdojob.ielusc.br\/index.php\/wp-json\/wp\/v2\/tags?post=2333"}],"curies":[{"name":"wp","href":"https:\/\/api.w.org\/{rel}","templated":true}]}}