{"id":2363,"date":"2022-11-16T22:30:52","date_gmt":"2022-11-17T01:30:52","guid":{"rendered":"http:\/\/alemdojob.ielusc.br\/?p=2363"},"modified":"2022-11-16T22:30:52","modified_gmt":"2022-11-17T01:30:52","slug":"duvidas-frequentes-na-escolha-dos-moveis","status":"publish","type":"post","link":"https:\/\/alemdojob.ielusc.br\/index.php\/2022\/11\/16\/duvidas-frequentes-na-escolha-dos-moveis\/","title":{"rendered":"D\u00favidas frequentes  na escolha dos m\u00f3veis"},"content":{"rendered":"<p><span style=\"font-weight: 400;\">No mercado moveleiro existem v\u00e1rias d\u00favidas frequentes na escolha dos m\u00f3veis, por isso, hoje, n\u00f3s viemos esclarecer algumas diferen\u00e7as entre caracter\u00edsticas dos produtos, como:&nbsp;<\/span><\/p>\n<p>&nbsp;<\/p>\n<p><span style=\"font-weight: 400;\">Molas Ensacadas x Molas Bonnel:<\/span><\/p>\n<p>&nbsp;<\/p>\n<p><span style=\"font-weight: 400;\">Na horas de escolher o seu colch\u00e3o, muitas pessoas ficam sem saber a diferen\u00e7a e qual escolher, entre molas Ensacadas e molas bonnel. As molas ensacadas sua principal caracter\u00edstica que difere da bonnel \u00e9 que no colch\u00e3o de molas ensacadas as molas, s\u00e3o \u201censacadas\u201d individualmente, ou seja, cada mola trabalha de forma independente, consequentemente, se uma pessoa se mexer de um lado da cama, a outra n\u00e3o sentir\u00e1 o movimento, j\u00e1 os colch\u00f5es com molas bonnel, as molas trabalham coletivamente, ou seja, a flexibilidade das molas s\u00e3o maiores, por\u00e9m por conta do valor ser mais barato, pode ser um \u00f3timo custo benef\u00edcio.<\/span><\/p>\n<p>&nbsp;<\/p>\n<p><span style=\"font-weight: 400;\">Percintas Italianas x Percintas de borrachas:<\/span><\/p>\n<p>&nbsp;<\/p>\n<p><span style=\"font-weight: 400;\">As percintas tem grande import\u00e2ncia na estrutura\u00e7\u00e3o de sustenta\u00e7\u00e3o entre os sof\u00e1s\/ estofados, pelo fato de serem, fundamentais no conforto e durabilidade do assento. As percintas Italianas s\u00e3o mais recomendadas, pelo fato de no uso do cotidiano e com o passar do tempo, as percintas de borrachas, v\u00e3o ressecando, fazendo com que comprometa as suas funcionalidades, que \u00e9 a distribui\u00e7\u00e3o do peso e a modelagem da espuma do mesmo. As percintas Italianas, na sua composi\u00e7\u00e3o, tendem a ser mais resistentes e flex\u00edveis a quest\u00e3o do peso tamb\u00e9m, tornando-se a melhor escolha entre uma percinta de borracha, mesmo seu pre\u00e7o sendo um pouco mais elevado.&nbsp;&nbsp;&nbsp;<\/span><\/p>\n<p>&nbsp;<\/p>\n<p><span style=\"font-weight: 400;\">M\u00f3veis em MDF x M\u00f3veis MDP<\/span><\/p>\n<p>&nbsp;<\/p>\n<p><span style=\"font-weight: 400;\">Esse t\u00f3pico \u00e9 um dos mais pol\u00eamicos nas d\u00favidas frequentes em escolha de m\u00f3veis, pois&nbsp; muitas pessoas ao escolherem um m\u00f3vel, levam em considera\u00e7\u00e3o qual madeira \u00e9 usada na sua constru\u00e7\u00e3o, por\u00e9m, nesse meio existem muitas d\u00favidas e mitos. Para come\u00e7armos, MdP n\u00e3o tem nada a ver com o famoso aglomerado, Mdp \u00e9 composto de pequenas part\u00edculas de madeiras, j\u00e1 o que conhecemos como aglomerado, tem suas part\u00edculas muito maiores. O MdP justamente pelo sua estrutura de pequenas part\u00edculas, ele tem uma resist\u00eancia maior a empenamento e deforma\u00e7\u00f5es, ou seja, para quem busca utilizar um m\u00f3vel onde v\u00e1 colocar um \u201cpeso fixo\u201d todos os dias, o MdP \u00e9 mais indicado para evitar abaloamento. J\u00e1 o Mdf ele n\u00e3o possui camadas de madeiras em sua estrutura, \u00e9 uma madeira s\u00f3, isso faz com que os m\u00f3veis que dependem de um acabamento melhor, de uma pintura melhor, sejam feitos com MDF, por ser uma madeira homog\u00eanea, em contato com a \u00e1gua, o Mdf tende a ser mais resistente que o mdp, pois, n\u00e3o tem part\u00edculas onde a \u00e1gua pode se alojar. A realidade \u00e9 que n\u00e3o existe melhor ou pior, e sim um melhor desempenho em determinadas fun\u00e7\u00f5es.&nbsp;<\/span><\/p>\n<p>&nbsp;<\/p>\n<p><span style=\"font-weight: 400;\">Caso voc\u00ea tenha mais&nbsp; d\u00favidas frequente na escolha dos m\u00f3veis, entre em contato conosco e ser\u00e1 um prazer atende-lo! E lembre-se&nbsp; independente do que voc\u00ea procure nos m\u00f3veis , a MB m\u00f3veis trabalha com os melhore produtos, fazendo com que na escolha, seu conforto e qualidade de vida, sejam garantidos.<\/span><\/p>\n","protected":false},"excerpt":{"rendered":"<p>No mercado moveleiro existem v\u00e1rias d\u00favidas frequentes na escolha dos m\u00f3veis, por isso, hoje, n\u00f3s &hellip; <\/p>\n","protected":false},"author":1,"featured_media":0,"comment_status":"open","ping_status":"open","sticky":false,"template":"","format":"standard","meta":{"_mi_skip_tracking":false,"_exactmetrics_sitenote_active":false,"_exactmetrics_sitenote_note":"","_exactmetrics_sitenote_category":0,"ngg_post_thumbnail":0,"footnotes":""},"categories":[1],"tags":[],"yoast_head":"<!-- This site is optimized with the Yoast SEO plugin v21.4 - https:\/\/yoast.com\/wordpress\/plugins\/seo\/ -->\n<title>D\u00favidas frequentes na escolha dos m\u00f3veis - Al\u00e9m do Job<\/title>\n<meta name=\"description\" content=\"Aqui voce tirar\u00e1 algumas d\u00favidas frequentes na escolha dos m\u00f3veis. Mdf ou mdp? molas ensacadas ou bonnel? percintas italianas ou borracha?\" \/>\n<meta name=\"robots\" content=\"index, follow, max-snippet:-1, max-image-preview:large, max-video-preview:-1\" \/>\n<link rel=\"canonical\" href=\"https:\/\/alemdojob.ielusc.br\/index.php\/2022\/11\/16\/duvidas-frequentes-na-escolha-dos-moveis\/\" \/>\n<meta property=\"og:locale\" content=\"pt_BR\" \/>\n<meta property=\"og:type\" content=\"article\" \/>\n<meta property=\"og:title\" content=\"D\u00favidas frequentes na escolha dos m\u00f3veis - Al\u00e9m do Job\" \/>\n<meta property=\"og:description\" content=\"Aqui voce tirar\u00e1 algumas d\u00favidas frequentes na escolha dos m\u00f3veis. Mdf ou mdp? molas ensacadas ou bonnel? percintas italianas ou borracha?\" \/>\n<meta property=\"og:url\" content=\"https:\/\/alemdojob.ielusc.br\/index.php\/2022\/11\/16\/duvidas-frequentes-na-escolha-dos-moveis\/\" \/>\n<meta property=\"og:site_name\" content=\"Al\u00e9m do Job\" \/>\n<meta property=\"article:published_time\" content=\"2022-11-17T01:30:52+00:00\" \/>\n<meta name=\"author\" content=\"admin\" \/>\n<meta name=\"twitter:card\" content=\"summary_large_image\" \/>\n<meta name=\"twitter:label1\" content=\"Escrito por\" \/>\n\t<meta name=\"twitter:data1\" content=\"admin\" \/>\n\t<meta name=\"twitter:label2\" content=\"Est. tempo de leitura\" \/>\n\t<meta name=\"twitter:data2\" content=\"3 minutos\" \/>\n<script type=\"application\/ld+json\" class=\"yoast-schema-graph\">{\"@context\":\"https:\/\/schema.org\",\"@graph\":[{\"@type\":\"Article\",\"@id\":\"https:\/\/alemdojob.ielusc.br\/index.php\/2022\/11\/16\/duvidas-frequentes-na-escolha-dos-moveis\/#article\",\"isPartOf\":{\"@id\":\"https:\/\/alemdojob.ielusc.br\/index.php\/2022\/11\/16\/duvidas-frequentes-na-escolha-dos-moveis\/\"},\"author\":{\"name\":\"admin\",\"@id\":\"https:\/\/alemdojob.ielusc.br\/#\/schema\/person\/f424a9ef6e4c26d6a538730daa1a28a4\"},\"headline\":\"D\u00favidas frequentes na escolha dos m\u00f3veis\",\"datePublished\":\"2022-11-17T01:30:52+00:00\",\"dateModified\":\"2022-11-17T01:30:52+00:00\",\"mainEntityOfPage\":{\"@id\":\"https:\/\/alemdojob.ielusc.br\/index.php\/2022\/11\/16\/duvidas-frequentes-na-escolha-dos-moveis\/\"},\"wordCount\":565,\"commentCount\":0,\"publisher\":{\"@id\":\"https:\/\/alemdojob.ielusc.br\/#organization\"},\"articleSection\":[\"Tend\u00eancias\"],\"inLanguage\":\"pt-BR\",\"potentialAction\":[{\"@type\":\"CommentAction\",\"name\":\"Comment\",\"target\":[\"https:\/\/alemdojob.ielusc.br\/index.php\/2022\/11\/16\/duvidas-frequentes-na-escolha-dos-moveis\/#respond\"]}]},{\"@type\":\"WebPage\",\"@id\":\"https:\/\/alemdojob.ielusc.br\/index.php\/2022\/11\/16\/duvidas-frequentes-na-escolha-dos-moveis\/\",\"url\":\"https:\/\/alemdojob.ielusc.br\/index.php\/2022\/11\/16\/duvidas-frequentes-na-escolha-dos-moveis\/\",\"name\":\"D\u00favidas frequentes na escolha dos m\u00f3veis - Al\u00e9m do Job\",\"isPartOf\":{\"@id\":\"https:\/\/alemdojob.ielusc.br\/#website\"},\"datePublished\":\"2022-11-17T01:30:52+00:00\",\"dateModified\":\"2022-11-17T01:30:52+00:00\",\"description\":\"Aqui voce tirar\u00e1 algumas d\u00favidas frequentes na escolha dos m\u00f3veis. Mdf ou mdp? molas ensacadas ou bonnel? percintas italianas ou borracha?\",\"breadcrumb\":{\"@id\":\"https:\/\/alemdojob.ielusc.br\/index.php\/2022\/11\/16\/duvidas-frequentes-na-escolha-dos-moveis\/#breadcrumb\"},\"inLanguage\":\"pt-BR\",\"potentialAction\":[{\"@type\":\"ReadAction\",\"target\":[\"https:\/\/alemdojob.ielusc.br\/index.php\/2022\/11\/16\/duvidas-frequentes-na-escolha-dos-moveis\/\"]}]},{\"@type\":\"BreadcrumbList\",\"@id\":\"https:\/\/alemdojob.ielusc.br\/index.php\/2022\/11\/16\/duvidas-frequentes-na-escolha-dos-moveis\/#breadcrumb\",\"itemListElement\":[{\"@type\":\"ListItem\",\"position\":1,\"name\":\"Home\",\"item\":\"https:\/\/alemdojob.ielusc.br\/\"},{\"@type\":\"ListItem\",\"position\":2,\"name\":\"D\u00favidas frequentes na escolha dos m\u00f3veis\"}]},{\"@type\":\"WebSite\",\"@id\":\"https:\/\/alemdojob.ielusc.br\/#website\",\"url\":\"https:\/\/alemdojob.ielusc.br\/\",\"name\":\"Al\u00e9m do Job\",\"description\":\"\",\"publisher\":{\"@id\":\"https:\/\/alemdojob.ielusc.br\/#organization\"},\"potentialAction\":[{\"@type\":\"SearchAction\",\"target\":{\"@type\":\"EntryPoint\",\"urlTemplate\":\"https:\/\/alemdojob.ielusc.br\/?s={search_term_string}\"},\"query-input\":\"required name=search_term_string\"}],\"inLanguage\":\"pt-BR\"},{\"@type\":\"Organization\",\"@id\":\"https:\/\/alemdojob.ielusc.br\/#organization\",\"name\":\"Al\u00e9m do Job\",\"url\":\"https:\/\/alemdojob.ielusc.br\/\",\"logo\":{\"@type\":\"ImageObject\",\"inLanguage\":\"pt-BR\",\"@id\":\"https:\/\/alemdojob.ielusc.br\/#\/schema\/logo\/image\/\",\"url\":\"https:\/\/alemdojob.ielusc.br\/wp-content\/uploads\/2018\/10\/cropped-Logo-Alem-do-Job-Final-e1538527573648-2.png\",\"contentUrl\":\"https:\/\/alemdojob.ielusc.br\/wp-content\/uploads\/2018\/10\/cropped-Logo-Alem-do-Job-Final-e1538527573648-2.png\",\"width\":150,\"height\":150,\"caption\":\"Al\u00e9m do Job\"},\"image\":{\"@id\":\"https:\/\/alemdojob.ielusc.br\/#\/schema\/logo\/image\/\"}},{\"@type\":\"Person\",\"@id\":\"https:\/\/alemdojob.ielusc.br\/#\/schema\/person\/f424a9ef6e4c26d6a538730daa1a28a4\",\"name\":\"admin\",\"image\":{\"@type\":\"ImageObject\",\"inLanguage\":\"pt-BR\",\"@id\":\"https:\/\/alemdojob.ielusc.br\/#\/schema\/person\/image\/\",\"url\":\"https:\/\/secure.gravatar.com\/avatar\/d5127c65e67bfa28077a24f955302171?s=96&d=mm&r=g\",\"contentUrl\":\"https:\/\/secure.gravatar.com\/avatar\/d5127c65e67bfa28077a24f955302171?s=96&d=mm&r=g\",\"caption\":\"admin\"},\"url\":\"https:\/\/alemdojob.ielusc.br\/index.php\/author\/admin\/\"}]}<\/script>\n<!-- \/ Yoast SEO plugin. -->","yoast_head_json":{"title":"D\u00favidas frequentes na escolha dos m\u00f3veis - Al\u00e9m do Job","description":"Aqui voce tirar\u00e1 algumas d\u00favidas frequentes na escolha dos m\u00f3veis. Mdf ou mdp? molas ensacadas ou bonnel? percintas italianas ou borracha?","robots":{"index":"index","follow":"follow","max-snippet":"max-snippet:-1","max-image-preview":"max-image-preview:large","max-video-preview":"max-video-preview:-1"},"canonical":"https:\/\/alemdojob.ielusc.br\/index.php\/2022\/11\/16\/duvidas-frequentes-na-escolha-dos-moveis\/","og_locale":"pt_BR","og_type":"article","og_title":"D\u00favidas frequentes na escolha dos m\u00f3veis - Al\u00e9m do Job","og_description":"Aqui voce tirar\u00e1 algumas d\u00favidas frequentes na escolha dos m\u00f3veis. Mdf ou mdp? molas ensacadas ou bonnel? percintas italianas ou borracha?","og_url":"https:\/\/alemdojob.ielusc.br\/index.php\/2022\/11\/16\/duvidas-frequentes-na-escolha-dos-moveis\/","og_site_name":"Al\u00e9m do Job","article_published_time":"2022-11-17T01:30:52+00:00","author":"admin","twitter_card":"summary_large_image","twitter_misc":{"Escrito por":"admin","Est. tempo de leitura":"3 minutos"},"schema":{"@context":"https:\/\/schema.org","@graph":[{"@type":"Article","@id":"https:\/\/alemdojob.ielusc.br\/index.php\/2022\/11\/16\/duvidas-frequentes-na-escolha-dos-moveis\/#article","isPartOf":{"@id":"https:\/\/alemdojob.ielusc.br\/index.php\/2022\/11\/16\/duvidas-frequentes-na-escolha-dos-moveis\/"},"author":{"name":"admin","@id":"https:\/\/alemdojob.ielusc.br\/#\/schema\/person\/f424a9ef6e4c26d6a538730daa1a28a4"},"headline":"D\u00favidas frequentes na escolha dos m\u00f3veis","datePublished":"2022-11-17T01:30:52+00:00","dateModified":"2022-11-17T01:30:52+00:00","mainEntityOfPage":{"@id":"https:\/\/alemdojob.ielusc.br\/index.php\/2022\/11\/16\/duvidas-frequentes-na-escolha-dos-moveis\/"},"wordCount":565,"commentCount":0,"publisher":{"@id":"https:\/\/alemdojob.ielusc.br\/#organization"},"articleSection":["Tend\u00eancias"],"inLanguage":"pt-BR","potentialAction":[{"@type":"CommentAction","name":"Comment","target":["https:\/\/alemdojob.ielusc.br\/index.php\/2022\/11\/16\/duvidas-frequentes-na-escolha-dos-moveis\/#respond"]}]},{"@type":"WebPage","@id":"https:\/\/alemdojob.ielusc.br\/index.php\/2022\/11\/16\/duvidas-frequentes-na-escolha-dos-moveis\/","url":"https:\/\/alemdojob.ielusc.br\/index.php\/2022\/11\/16\/duvidas-frequentes-na-escolha-dos-moveis\/","name":"D\u00favidas frequentes na escolha dos m\u00f3veis - Al\u00e9m do Job","isPartOf":{"@id":"https:\/\/alemdojob.ielusc.br\/#website"},"datePublished":"2022-11-17T01:30:52+00:00","dateModified":"2022-11-17T01:30:52+00:00","description":"Aqui voce tirar\u00e1 algumas d\u00favidas frequentes na escolha dos m\u00f3veis. Mdf ou mdp? molas ensacadas ou bonnel? percintas italianas ou borracha?","breadcrumb":{"@id":"https:\/\/alemdojob.ielusc.br\/index.php\/2022\/11\/16\/duvidas-frequentes-na-escolha-dos-moveis\/#breadcrumb"},"inLanguage":"pt-BR","potentialAction":[{"@type":"ReadAction","target":["https:\/\/alemdojob.ielusc.br\/index.php\/2022\/11\/16\/duvidas-frequentes-na-escolha-dos-moveis\/"]}]},{"@type":"BreadcrumbList","@id":"https:\/\/alemdojob.ielusc.br\/index.php\/2022\/11\/16\/duvidas-frequentes-na-escolha-dos-moveis\/#breadcrumb","itemListElement":[{"@type":"ListItem","position":1,"name":"Home","item":"https:\/\/alemdojob.ielusc.br\/"},{"@type":"ListItem","position":2,"name":"D\u00favidas frequentes na escolha dos m\u00f3veis"}]},{"@type":"WebSite","@id":"https:\/\/alemdojob.ielusc.br\/#website","url":"https:\/\/alemdojob.ielusc.br\/","name":"Al\u00e9m do Job","description":"","publisher":{"@id":"https:\/\/alemdojob.ielusc.br\/#organization"},"potentialAction":[{"@type":"SearchAction","target":{"@type":"EntryPoint","urlTemplate":"https:\/\/alemdojob.ielusc.br\/?s={search_term_string}"},"query-input":"required name=search_term_string"}],"inLanguage":"pt-BR"},{"@type":"Organization","@id":"https:\/\/alemdojob.ielusc.br\/#organization","name":"Al\u00e9m do Job","url":"https:\/\/alemdojob.ielusc.br\/","logo":{"@type":"ImageObject","inLanguage":"pt-BR","@id":"https:\/\/alemdojob.ielusc.br\/#\/schema\/logo\/image\/","url":"https:\/\/alemdojob.ielusc.br\/wp-content\/uploads\/2018\/10\/cropped-Logo-Alem-do-Job-Final-e1538527573648-2.png","contentUrl":"https:\/\/alemdojob.ielusc.br\/wp-content\/uploads\/2018\/10\/cropped-Logo-Alem-do-Job-Final-e1538527573648-2.png","width":150,"height":150,"caption":"Al\u00e9m do Job"},"image":{"@id":"https:\/\/alemdojob.ielusc.br\/#\/schema\/logo\/image\/"}},{"@type":"Person","@id":"https:\/\/alemdojob.ielusc.br\/#\/schema\/person\/f424a9ef6e4c26d6a538730daa1a28a4","name":"admin","image":{"@type":"ImageObject","inLanguage":"pt-BR","@id":"https:\/\/alemdojob.ielusc.br\/#\/schema\/person\/image\/","url":"https:\/\/secure.gravatar.com\/avatar\/d5127c65e67bfa28077a24f955302171?s=96&d=mm&r=g","contentUrl":"https:\/\/secure.gravatar.com\/avatar\/d5127c65e67bfa28077a24f955302171?s=96&d=mm&r=g","caption":"admin"},"url":"https:\/\/alemdojob.ielusc.br\/index.php\/author\/admin\/"}]}},"_links":{"self":[{"href":"https:\/\/alemdojob.ielusc.br\/index.php\/wp-json\/wp\/v2\/posts\/2363"}],"collection":[{"href":"https:\/\/alemdojob.ielusc.br\/index.php\/wp-json\/wp\/v2\/posts"}],"about":[{"href":"https:\/\/alemdojob.ielusc.br\/index.php\/wp-json\/wp\/v2\/types\/post"}],"author":[{"embeddable":true,"href":"https:\/\/alemdojob.ielusc.br\/index.php\/wp-json\/wp\/v2\/users\/1"}],"replies":[{"embeddable":true,"href":"https:\/\/alemdojob.ielusc.br\/index.php\/wp-json\/wp\/v2\/comments?post=2363"}],"version-history":[{"count":2,"href":"https:\/\/alemdojob.ielusc.br\/index.php\/wp-json\/wp\/v2\/posts\/2363\/revisions"}],"predecessor-version":[{"id":2365,"href":"https:\/\/alemdojob.ielusc.br\/index.php\/wp-json\/wp\/v2\/posts\/2363\/revisions\/2365"}],"wp:attachment":[{"href":"https:\/\/alemdojob.ielusc.br\/index.php\/wp-json\/wp\/v2\/media?parent=2363"}],"wp:term":[{"taxonomy":"category","embeddable":true,"href":"https:\/\/alemdojob.ielusc.br\/index.php\/wp-json\/wp\/v2\/categories?post=2363"},{"taxonomy":"post_tag","embeddable":true,"href":"https:\/\/alemdojob.ielusc.br\/index.php\/wp-json\/wp\/v2\/tags?post=2363"}],"curies":[{"name":"wp","href":"https:\/\/api.w.org\/{rel}","templated":true}]}}