{"id":247,"date":"2018-10-19T01:15:14","date_gmt":"2018-10-19T04:15:14","guid":{"rendered":"http:\/\/alemdojob.ielusc.br\/?p=247"},"modified":"2020-11-19T21:35:57","modified_gmt":"2020-11-20T00:35:57","slug":"fake-news-o-que-voce-precisa-saber-pra-nao-ser-enganado-no-whatsapp","status":"publish","type":"post","link":"https:\/\/alemdojob.ielusc.br\/index.php\/2018\/10\/19\/fake-news-o-que-voce-precisa-saber-pra-nao-ser-enganado-no-whatsapp\/","title":{"rendered":"Ser\u00e1 que \u00e9 Fake: desvende as not\u00edcias falsas da web"},"content":{"rendered":"<p>&nbsp;<\/p>\r\n<p><a href=\"http:\/\/alemdojob.ielusc.br\/wp-content\/uploads\/2018\/10\/fakenews_principal-1.png\"><img decoding=\"async\" loading=\"lazy\" class=\"size-full wp-image-354 alignleft\" src=\"http:\/\/alemdojob.ielusc.br\/wp-content\/uploads\/2018\/10\/fakenews_principal-1.png\" alt=\"\" width=\"569\" height=\"383\" srcset=\"https:\/\/alemdojob.ielusc.br\/wp-content\/uploads\/2018\/10\/fakenews_principal-1.png 569w, https:\/\/alemdojob.ielusc.br\/wp-content\/uploads\/2018\/10\/fakenews_principal-1-300x202.png 300w\" sizes=\"(max-width: 569px) 100vw, 569px\" \/><\/a><\/p>\r\n<p>Nem sempre verificada, bem escrita ou imparcial. Em tempos que a facilidade de publicar a not\u00edcia falsa se torna uma arma na m\u00e3o de diversas pessoas, \u00e9 necess\u00e1rio descobrirmos como desvendar as famosas <strong>Fake News.<\/strong><\/p>\r\n<p style=\"text-align: justify;\"><span style=\"vertical-align: inherit;\"><span style=\"vertical-align: inherit;\">Em uma crise pol\u00edtica, econ\u00f4mica, social, e at\u00e9 mesmo caos na sa\u00fade, a guerra do que \u00e9 verdade <\/span><\/span><span style=\"font-weight: 400;\"><span style=\"vertical-align: inherit;\"><span style=\"vertical-align: inherit;\">e do que \u00e9 mentira se torna necess\u00e1rio para a popula\u00e7\u00e3o. <\/span><span style=\"vertical-align: inherit;\">E quais as raz\u00f5es que podem explicar essas dissemina\u00e7\u00f5es?<\/span><\/span><\/span><\/p>\r\n<p>&nbsp;<\/p>\r\n<p>&nbsp;<\/p>\r\n<hr>\r\n<ul>\r\n<li><a href=\"http:\/\/alemdojob.ielusc.br\/index.php\/2018\/10\/22\/webserie-em-2-minutos-para-compartilhar-no-grupo-da-familia\/\"><span style=\"color: #ff0000;\"><span style=\"vertical-align: inherit;\"><span style=\"vertical-align: inherit;\">Assista a webs\u00e9rie &#8220;Em 2 Minutos<\/span><\/span><\/span><span style=\"vertical-align: inherit;\"><span style=\"vertical-align: inherit;\"> &#8220;<\/span><\/span><\/a><span style=\"vertical-align: inherit;\"><span style=\"vertical-align: inherit;\"> e fique por dentro dos temas que est\u00e3o causando desinforma\u00e7\u00e3o completa.<\/span><\/span><\/li>\r\n<\/ul>\r\n<hr>\r\n<h3><span style=\"color: #000000;\"><span style=\"vertical-align: inherit;\"><span style=\"vertical-align: inherit;\">1. Influ\u00eancia da m\u00eddia<\/span><\/span><\/span><\/h3>\r\n<p style=\"text-align: justify;\"><span style=\"font-weight: 400;\"><a href=\"http:\/\/alemdojob.ielusc.br\/wp-content\/uploads\/2018\/10\/regrasjogo.png\"><img decoding=\"async\" loading=\"lazy\" class=\"aligncenter wp-image-359\" src=\"http:\/\/alemdojob.ielusc.br\/wp-content\/uploads\/2018\/10\/regrasjogo.png\" alt=\"\" width=\"459\" height=\"361\"><\/a><span style=\"vertical-align: inherit;\"><span style=\"vertical-align: inherit;\">\u201cDizem que em uma guerra a primeira que morre \u00e9 a verdade&#8221;. \u00c9&nbsp; <\/span><\/span><\/span><span style=\"font-weight: 400;\"><span style=\"vertical-align: inherit;\"><span style=\"vertical-align: inherit;\">assim que Belini Meurer, cientista pol\u00edtico, responde qua<\/span><\/span><\/span><span style=\"font-weight: 400;\"><span style=\"vertical-align: inherit;\"><span style=\"vertical-align: inherit;\">ndo perguntado se o cen\u00e1rio atual \u00e9 prop\u00edcio para a divulga\u00e7\u00e3o de not\u00edcias falsas. <\/span><\/span><\/span><\/p>\r\n<p style=\"text-align: justify;\"><span style=\"font-weight: 400;\"><span style=\"vertical-align: inherit;\"><span style=\"vertical-align: inherit;\">Ele ainda explica que h\u00e1 uma diferen\u00e7a entre construir a not\u00edcia falsa, ter opini\u00e3o ou defender ideologias. Ainda acusa os assessores pol\u00edticos, por exemplo, de criarem o mal-entendido.<\/span><\/span><\/span><\/p>\r\n<blockquote>\r\n<p><span style=\"font-weight: 400;\"><span style=\"vertical-align: inherit;\"><span style=\"vertical-align: inherit;\">\u201cN\u00e3o esperem que assessores desse ou candidato candidato desfa\u00e7am mal-entendidos, s\u00e3o eles que o fazem. <\/span><span style=\"vertical-align: inherit;\">S\u00e3o eles os alimentadores prim\u00e1rios das desaven\u00e7as .\u201d<\/span><\/span><\/span><\/p>\r\n<\/blockquote>\r\n<p style=\"text-align: justify;\"><span style=\"font-weight: 400;\"><span style=\"vertical-align: inherit;\"><span style=\"vertical-align: inherit;\">O que Belini Meurer apresenta difere da posi\u00e7\u00e3o de Lilian Amaral. <\/span><span style=\"vertical-align: inherit;\">A assessora de imprensa, com experi\u00eancia no Minist\u00e9rio do Esporte e que exerce na campanha de reelei\u00e7\u00e3o, em 2014, da ent\u00e3o presidente <strong>Dilma Rousseff,<\/strong> defende que uma not\u00edcia falsa nunca deve ser considerada algo pos<\/span><\/span><\/span><span style=\"font-weight: 400;\"><span style=\"vertical-align: inherit;\"><span style=\"vertical-align: inherit;\">itivo, nem se favorecer ao candidato. <\/span><\/span><\/span><\/p>\r\n<p style=\"text-align: justify;\"><span style=\"font-weight: 400;\"><span style=\"vertical-align: inherit;\"><span style=\"vertical-align: inherit;\">Quando perguntada se \u00e9 dever da assessoria esclarecer ou desmentir a not\u00edcia falsa, Lilian afirma que \u201cseria uma excelente oportunidade, inclusive, para mostrar o candidato como <strong>algu\u00e9m que respeita a verdade<\/strong> e os eleitores\u201d.<\/span><\/span><\/span><\/p>\r\n<p style=\"text-align: justify;\"><span style=\"font-weight: 400;\"><span style=\"vertical-align: inherit;\"><span style=\"vertical-align: inherit;\">L\u00edlian \u00e9 taxativa em dizer que n\u00e3o s\u00f3 not\u00edcias falsas, mas como verdadeiras tamb\u00e9m podem impactar uma campanha. <\/span><\/span><\/span><span style=\"vertical-align: inherit;\"><span style=\"vertical-align: inherit;\">\u201cEsse \u00e9 um poder que a m\u00eddia ainda tem. <\/span><span style=\"vertical-align: inherit;\">Quantas vezes ouvimos algu\u00e9m comentar &#8216;vi no jornal&#8217;, para justificar algo como verdadeiro. <\/span><span style=\"vertical-align: inherit;\">Os jornalistas criaram esse <strong>quarto poder.&#8221;<\/strong>&nbsp;<\/span><\/span><\/p>\r\n<blockquote>\r\n<p style=\"text-align: justify;\"><span style=\"vertical-align: inherit;\"><span style=\"vertical-align: inherit;\">&#8220;O que n\u00e3o contavam \u00e9 que as novas m\u00eddias n\u00e3o necessariamente obediam as regras do jornalismo tradicional. \u201d<\/span><\/span><\/p>\r\n<\/blockquote>\r\n<p style=\"text-align: justify;\"><span style=\"font-weight: 400;\"><span style=\"vertical-align: inherit;\"><span style=\"vertical-align: inherit;\">Em 2016, o mundo conheceu de perto o qu\u00e3o poderosas e impactantes s\u00e3o as not\u00edcias falsas. <\/span><span style=\"vertical-align: inherit;\">O atual presidente da maior pot\u00eancia mundial, Donald Trump, foi <strong>eleito com um discurso controverso<\/strong>. <\/span><\/span><\/span><\/p>\r\n<p style=\"text-align: justify;\"><span style=\"font-weight: 400;\"><span style=\"vertical-align: inherit;\"><span style=\"vertical-align: inherit;\">Um dos jornais mais respeitados do mundo, The New York Times, fez um <\/span><\/span><\/span><strong><a href=\"https:\/\/www.nytimes.com\/interactive\/2017\/06\/23\/opinion\/trumps-lies.html\"><span style=\"vertical-align: inherit;\"><span style=\"vertical-align: inherit;\">compilado<\/span><\/span><\/a><\/strong><span style=\"font-weight: 400;\"><span style=\"vertical-align: inherit;\"><span style=\"vertical-align: inherit;\"> de vezes que Trump mentiu. <\/span><span style=\"vertical-align: inherit;\">Intitulado de \u201c <\/span><\/span><\/span><a href=\"https:\/\/www.nytimes.com\/interactive\/2017\/06\/23\/opinion\/trumps-lies.html\"><span style=\"font-weight: 400;\"><strong><span style=\"vertical-align: inherit;\"><span style=\"vertical-align: inherit;\">Trump&#8217;s Lies<\/span><\/span><\/strong><\/span><\/a><span style=\"font-weight: 400;\"><span style=\"vertical-align: inherit;\"><span style=\"vertical-align: inherit;\"> \u201d ( <\/span><\/span><\/span><a href=\"https:\/\/br.sputniknews.com\/americas\/201706268736600-todas-as-mentiras-de-trump-new-york-times\/\"><span style=\"font-weight: 400;\"><span style=\"vertical-align: inherit;\"><span style=\"vertical-align: inherit;\">em tradu\u00e7\u00e3o livre para o portugu\u00eas, &#8216;Mentiras de Trump&#8217;<\/span><\/span><\/span><\/a><span style=\"font-weight: 400;\"><span style=\"vertical-align: inherit;\"><span style=\"vertical-align: inherit;\"> ), mostra que desde quando assumiu a presid\u00eancia, em janeiro de 2017, o americano mentiu em seis de cada dez dias de governo.<\/span><\/span><\/span><\/p>\r\n<p style=\"text-align: justify;\"><span style=\"font-weight: 400;\"><span style=\"vertical-align: inherit;\"><span style=\"vertical-align: inherit;\">\u00c9 evidente que as regras do jogo mudaram. <\/span><span style=\"vertical-align: inherit;\">O p\u00fablico consome as not\u00edcias de uma maneira nova e o modo de fazer o marketing no meio do furac\u00e3o de not\u00edcias falsas e verdadeiras tamb\u00e9m precisa ser reinventado.<\/span><\/span><\/span><\/p>\r\n<p style=\"text-align: justify;\"><span style=\"font-weight: 400;\"><span style=\"vertical-align: inherit;\"> <span style=\"vertical-align: inherit;\">\u201cSe as not\u00edcias falsas fazem pauta nos jornais e televis\u00e3o, isso significa que a m\u00eddia tradicional est\u00e1 conivente com o estado de coisas que est\u00e3o a\u00ed. <\/span><span style=\"vertical-align: inherit;\">O que se v\u00ea nos dias \u00e9 uma imprensa acuada ou conivente com tudo isso \u201d, cr\u00edtica Belini Meurer.<\/span><\/span><\/span><\/p>\r\n<p style=\"text-align: justify;\"><span style=\"font-weight: 400;\"><span style=\"vertical-align: inherit;\"><span style=\"vertical-align: inherit;\">No entanto, de nada adianta se o p\u00fablico n\u00e3o <strong>seleciona <\/strong><\/span><\/span><\/span><span style=\"font-weight: 400;\"><span style=\"vertical-align: inherit;\"><span style=\"vertical-align: inherit;\"><strong>as m\u00eddias<\/strong> que consome. <\/span><span style=\"vertical-align: inherit;\">De acordo com Belini, as pessoas que possuem percep\u00e7\u00e3o, que leem e possuem algum tipo de instru\u00e7\u00e3o tem o dever denunciar as not\u00edcias falsas e menos impacto que elas causam.&nbsp;<\/span><\/span><\/span><span style=\"vertical-align: inherit;\"><span style=\"vertical-align: inherit;\">\u201c\u00c9 preciso tomar posi\u00e7\u00e3o diante dos fatos e agir\u201d.<\/span><\/span><\/p>\r\n<p style=\"text-align: justify;\"><span style=\"font-weight: 400;\"><span style=\"vertical-align: inherit;\"><span style=\"vertical-align: inherit;\">A democratiza\u00e7\u00e3o do acesso \u00e0 informa\u00e7\u00e3o tornado qualquer cen\u00e1rio prop\u00edcio para not\u00edcias falsas, segundo L\u00edlian. <\/span><span style=\"vertical-align: inherit;\">\u201cA agilidade com que a informa\u00e7\u00e3o circula e a necessidade de estar por dentro do assunto de &#8216;destaque&#8217; faz com que as pessoas tenham pressa e confian\u00e7a nas informa\u00e7\u00f5es que fornecem e compartilham\u201d comenta a assessora.<\/span><\/span><\/span><\/p>\r\n<p style=\"text-align: justify;\"><span style=\"font-weight: 400;\"><span style=\"vertical-align: inherit;\"><span style=\"vertical-align: inherit;\">Al\u00e9m disso, L\u00edlian tamb\u00e9m cita a <\/span><\/span><\/span><strong><a href=\"http:\/\/knoow.net\/ciencsociaishuman\/jornalismo\/agendasetting\/\"><span style=\"vertical-align: inherit;\"><span style=\"vertical-align: inherit;\">teoria do \u201cAgendamento\u201d<\/span><\/span><\/a><\/strong><span style=\"font-weight: 400;\"><span style=\"vertical-align: inherit;\"><span style=\"vertical-align: inherit;\"> ou em ingl\u00eas \u201cAgenda-setting\u201d que defende o tema das conversas cotidianas que \u00e9 ditado pelas principais pautas dos jornais.<\/span><\/span><\/span><\/p>\r\n<p style=\"text-align: justify;\"><span style=\"font-weight: 400;\"><span style=\"vertical-align: inherit;\"><span style=\"vertical-align: inherit;\">Para ela, cabe uma popula\u00e7\u00e3o aprender uma nova forma de ler e se informar. <\/span><span style=\"vertical-align: inherit;\">\u201cA <strong>popula\u00e7\u00e3o n\u00e3o foi &#8216;treinada&#8217;<\/strong> para checar fonte, fatos, verificar os lados da hist\u00f3ria. <\/span><span style=\"vertical-align: inherit;\">At\u00e9 bem pouco tempo, essa fun\u00e7\u00e3o era de quem comunicava a not\u00edcia \u201danalisa. <\/span><span style=\"vertical-align: inherit;\">No entanto, Lilian \u00e9 otimista.<\/span><\/span><\/span><\/p>\r\n<blockquote>\r\n<p><span style=\"font-weight: 400;\"><span style=\"vertical-align: inherit;\"><span style=\"vertical-align: inherit;\"> \u201cO simples fato de se falar mais sobre &#8216;not\u00edcias falsas&#8217;, dos principais jornais e portais disponibilizar ferramentas para checar not\u00edcias j\u00e1 \u00e9 um avan\u00e7o importante para combater as not\u00edcias falsas.\u201d<\/span><\/span><\/span><\/p>\r\n<\/blockquote>\r\n<p style=\"text-align: justify;\"><span style=\"font-weight: 400;\"><span style=\"vertical-align: inherit;\"><span style=\"vertical-align: inherit;\">J\u00e1 Belini <strong>faz um apelo<\/strong> \u201cprofessores, jornalistas, cientistas, artistas, escritores e poetas precisam tomar posi\u00e7\u00e3o e agirem diante do que est\u00e1 ocorrendo no Brasil e dian <\/span><\/span><\/span><span style=\"font-weight: 400;\"><span style=\"vertical-align: inherit;\"><span style=\"vertical-align: inherit;\">te do que vai acontecer se continuarmos por este rumo\u201d.<\/span><\/span><\/span><\/p>\r\n<p>&nbsp;<\/p>\r\n<h3><span style=\"vertical-align: inherit;\"><span style=\"vertical-align: inherit;\">2. O vi\u00e9s de confirma\u00e7\u00e3o<\/span><\/span><\/h3>\r\n<p>&nbsp;<\/p>\r\n<p style=\"text-align: left;\"><a href=\"http:\/\/alemdojob.ielusc.br\/wp-content\/uploads\/2018\/10\/viesconfirmacao-1.png\"><img decoding=\"async\" loading=\"lazy\" class=\" wp-image-365 alignright\" src=\"http:\/\/alemdojob.ielusc.br\/wp-content\/uploads\/2018\/10\/viesconfirmacao-1.png\" alt=\"\" width=\"388\" height=\"472\"><\/a><span style=\"vertical-align: inherit;\"><span style=\"vertical-align: inherit;\">Al\u00e9m de ter a necessidade de saber informa\u00e7\u00f5es verdadeiras, existem outras motiva\u00e7\u00f5es impl\u00edcitas que levam as pessoas a tentarem confirmar suas cren\u00e7as. <\/span><\/span>Ent\u00e3o, as mensagens que satisfazem suas motiva\u00e7\u00f5es ser\u00e3o tidas como verdadeiras, mesmo se forem falsas.<\/p>\r\n<p style=\"text-align: left;\">Isso acontece por causa de uma distor\u00e7\u00e3o, chamada de <a href=\"https:\/\/excelenciaempauta.com.br\/vies-confirmatorio-nao-seja-parcial\/\">vi\u00e9s de confirma\u00e7\u00e3o<\/a>, que \u00e9 a tend\u00eancia de buscar evid\u00eancias ou fatos (ou mesmo opini\u00f5es) que apoiem o que voc\u00ea j\u00e1 acredita ser verdade. Muitas vezes isso \u00e9 acompanhado por uma cegueira para a informa\u00e7\u00e3o oposta.<\/p>\r\n<p style=\"text-align: left;\"><span style=\"font-weight: 400;\">O vi\u00e9s da confirma\u00e7\u00e3o \u00e9 formado no in\u00edcio da vida, quando&nbsp;<\/span><span style=\"font-weight: 400;\">a crian\u00e7a aprende a distinguir entre fantasia e realidade. Durante a inf\u00e2ncia, os pais incentivam as crian\u00e7as a acreditar em \u201cbrincadeiras\u201d por ajudar os jovens a lidar com a realidade e a assimilar as normas sociais. No entanto, a desvantagem \u00e9 que elas aprendem que a <strong>fantasia \u00e0s vezes \u00e9 aceit\u00e1vel<\/strong>. <\/span><\/p>\r\n<p style=\"text-align: justify;\"><span style=\"font-weight: 400;\">Quando se tornam adolescentes, elas desenvolvem suas pr\u00f3prias habilidades de pensamento cr\u00edtico e come\u00e7am a questionar seus pais ou outras figuras de autoridade. No entanto, por ir contra as reflex\u00f5es que levaram como certas durante anos, o rompimento com o conhecido pode <strong>gerar desconforto<\/strong>. <\/span><\/p>\r\n<p style=\"text-align: justify;\"><span style=\"font-weight: 400;\">\u00c9 a\u00ed que entram as racionaliza\u00e7\u00f5es preconceituosas. Para evitar conflitos e ansiedade, as pessoas desenvolvem mecanismos de enfrentamento, como o vi\u00e9s de confirma\u00e7\u00e3o; j\u00e1 que desafiar as falsas cren\u00e7as pode causar conflitos, alguns aprendem a racionalizar e aceitar as falsidades.<\/span><\/p>\r\n<p style=\"text-align: justify;\"><span style=\"font-weight: 400;\"><span style=\"vertical-align: inherit;\"><span style=\"vertical-align: inherit;\">A mestra e doutoranda em Psicologia Social, Sibele Aquino, explica que as not\u00edcias falsas, com seu f\u00e1cil acesso e r\u00e1pida dissemina\u00e7\u00e3o, favorece as pessoas que s\u00e3o obcecadas por conhecimento.&nbsp;<\/span><\/span><\/span><\/p>\r\n<blockquote>\r\n<p><span style=\"font-weight: 400;\"><span style=\"vertical-align: inherit;\"><span style=\"vertical-align: inherit;\">\u201cTodos temos implementados que nos permitem julgar de maneira&nbsp; <\/span><\/span><\/span><span style=\"font-weight: 400;\"><span style=\"vertical-align: inherit;\"><span style=\"vertical-align: inherit;\">r\u00e1pida, e isso \u00e9 o que acontece tamb\u00e9m em per\u00edodos de crescimento r\u00e1pido de informa\u00e7\u00f5es: mensagens simples e dispon\u00edveis s\u00e3o mais pass\u00edveis de acreditar e aceitar sem exames minuciosos\u201d.<\/span><\/span><\/span><\/p>\r\n<\/blockquote>\r\n<p>&nbsp;<\/p>\r\n<h3><span style=\"vertical-align: inherit;\"><span style=\"vertical-align: inherit;\">3. Poder de viraliza\u00e7\u00e3o das not\u00edcias falsas no WhatsApp<\/span><\/span><\/h3>\r\n<p><a href=\"http:\/\/alemdojob.ielusc.br\/wp-content\/uploads\/2018\/10\/whatsapp.png\"><img decoding=\"async\" loading=\"lazy\" class=\"aligncenter size-full wp-image-369\" src=\"http:\/\/alemdojob.ielusc.br\/wp-content\/uploads\/2018\/10\/whatsapp.png\" alt=\"\" width=\"566\" height=\"258\" srcset=\"https:\/\/alemdojob.ielusc.br\/wp-content\/uploads\/2018\/10\/whatsapp.png 566w, https:\/\/alemdojob.ielusc.br\/wp-content\/uploads\/2018\/10\/whatsapp-300x137.png 300w\" sizes=\"(max-width: 566px) 100vw, 566px\" \/><\/a><\/p>\r\n<p style=\"text-align: justify;\"><span style=\"font-weight: 400;\"><span style=\"vertical-align: inherit;\"><span style=\"vertical-align: inherit;\">Voltamos um pouco no tempo e daremos o <strong>exemplo<\/strong> das elei\u00e7\u00f5es de 2018. Fim do primeiro turno, a<\/span><span style=\"vertical-align: inherit;\">s urnas j\u00e1 foram apuradas e todos j\u00e1 sabem o resultado, assim como os candidatos que far\u00e3o parte do segundo turno.<\/span><\/span><\/span><\/p>\r\n<p style=\"text-align: justify;\"><span style=\"font-weight: 400;\"><span style=\"vertical-align: inherit;\"> <span style=\"vertical-align: inherit;\">Por\u00e9m, no Whatsapp, uma nova notifica\u00e7\u00e3o aparece: \u201cTSE informa: 7,2 milh\u00f5es de votos anulados pelas urnas!\u201d. <\/span><span style=\"vertical-align: inherit;\">Alguns minutos depois, outra notifica\u00e7\u00e3o com a mesma mensagem, solicitando para que a corrente n\u00e3o se quebre.<\/span><\/span><\/span><\/p>\r\n<blockquote>\r\n<p><span style=\"font-weight: 400;\"><span style=\"vertical-align: inherit;\"><span style=\"vertical-align: inherit;\">\u201cSe voc\u00ea enviar para 20 contatos em um minuto, o Brasil inteiro vai desmascarar este bandido. <\/span><span style=\"vertical-align: inherit;\">N\u00c3O quebre esta corrente \u201d.<\/span><\/span><\/span><\/p>\r\n<\/blockquote>\r\n<p style=\"text-align: justify;\"><span style=\"font-weight: 400;\"><span style=\"vertical-align: inherit;\"><span style=\"vertical-align: inherit;\">Em menos de uma hora, essa mensagem circulou pela rede social &#8211; O que essas pessoas n\u00e3o fizeram foi checar a informa\u00e7\u00e3o de que o pr\u00f3prio <\/span><\/span><\/span><a href=\"https:\/\/g1.globo.com\/fato-ou-fake\/noticia\/2018\/10\/10\/e-fake-que-72-milhoes-de-votos-foram-anulados-pelas-urnas-no-ultimo-domingo.ghtml\"><span style=\"font-weight: 400;\"><span style=\"vertical-align: inherit;\"><span style=\"vertical-align: inherit;\">TSE desmentiu<\/span><\/span><\/span><\/a><span style=\"font-weight: 400;\"><span style=\"vertical-align: inherit;\"><span style=\"vertical-align: inherit;\"> no mesmo dia, mas mesmo assim foi dividido. <\/span><span style=\"vertical-align: inherit;\">Nessas condi\u00e7\u00f5es, o que torna o Whatsapp um dos maiores divulgadores de conte\u00fado do mundo?<\/span><\/span><\/span><\/p>\r\n<p style=\"text-align: justify;\"><span style=\"font-weight: 400;\">Gabriel Vin\u00edcius, 27, usa o Whatsapp com frequ\u00eancia, e recebeu a corrente que nomeia o TSE. Por j\u00e1 ter ca\u00eddo em fake news antes, ele procurou checar essa informa\u00e7\u00e3o. <\/span><span style=\"font-weight: 400;\">\u201cNa verdade, j\u00e1 duvidei na hora que li que precisava mandar para 20 pessoas, o que \u00e9 bizarro. Mas como j\u00e1 ca\u00ed numa <\/span><a href=\"https:\/\/mundoeducacao.bol.uol.com.br\/curiosidades\/fake-news.htm\"><span style=\"font-weight: 400;\">fake news<\/span><\/a><span style=\"font-weight: 400;\"> antes, decidi pesquisar se a parte sobre o TSE era verdade, e na hora que vi que n\u00e3o era, avisei a pessoa que enviou\u201d, disse. <\/span><\/p>\r\n<blockquote>\r\n<p style=\"text-align: justify;\"><span style=\"font-weight: 400;\">\u201cN\u00e3o \u00e9 t\u00e3o dif\u00edcil identificar, o problema \u00e9 que atualmente as fake news est\u00e3o em todo o lugar, inclusive nas propagandas pol\u00edticas, ent\u00e3o \u00e9 bem f\u00e1cil uma pessoa ser enganada.\u201d<\/span><\/p>\r\n<\/blockquote>\r\n<p style=\"text-align: justify;\"><span style=\"font-weight: 400;\"><span style=\"vertical-align: inherit;\"><span style=\"vertical-align: inherit;\">A<\/span><\/span><span style=\"vertical-align: inherit;\"><span style=\"vertical-align: inherit;\"> doutora em antropologia, Maria Elisa M\u00e1ximo, afirma que as falas circulam mais pelo whatsapp porque elas s\u00e3o produzidas para esse meio de comunica\u00e7\u00e3o<\/span><\/span><span style=\"vertical-align: inherit;\"><span style=\"vertical-align: inherit;\">. <\/span><span style=\"vertical-align: inherit;\">Para essa fake dar certo, Elisa diz que ela deve ter um \u201cefeito p\u00edlula\u201d, algo que seja imediato, por isso \u00e9 sempre usado manchetes sensacionalistas. <\/span><\/span><\/span><\/p>\r\n<p style=\"text-align: justify;\"><span style=\"font-weight: 400;\"><span style=\"vertical-align: inherit;\"><span style=\"vertical-align: inherit;\">Muitas vezes <strong>nem \u00e9 lido<\/strong> todo o conte\u00fado, apenas pelo t\u00edtulo eles j\u00e1 tiram suas pr\u00f3prias propriedades e se espalham como um v\u00edrus. <\/span><span style=\"vertical-align: inherit;\">Apesar de existir todo tipo de boatos e not\u00edcias falsas, elas s\u00e3o espalhadas por um tipo espec\u00edfico de grupos e pessoas. <\/span><\/span><\/span><\/p>\r\n<p>Em meio a pandemia do coronav\u00edrus, o&nbsp;<a href=\"https:\/\/www.techtudo.com.br\/tudo-sobre\/whatsapp-messenger.html\">WhatsApp<\/a> passou a limitar o encaminhamento de mensagens para apenas um contato. Em&nbsp;busca frear a dissemina\u00e7\u00e3o de&nbsp;<a href=\"https:\/\/www.techtudo.com.br\/dicas-e-tutoriais\/2018\/10\/como-saber-se-uma-noticia-e-fake-news-pelo-whatsapp.ghtml\">fake news, <\/a>as regras foram impostas desde abril de 2020.<\/p>\r\n<p>&nbsp;<\/p>\r\n<h3><span style=\"vertical-align: inherit;\"><span style=\"vertical-align: inherit;\">4. Disseminar Fake News \u00e9 CRIME<\/span><\/span><\/h3>\r\n<p>&nbsp;<\/p>\r\n<p><a href=\"http:\/\/alemdojob.ielusc.br\/wp-content\/uploads\/2018\/10\/celular.png\"><img decoding=\"async\" loading=\"lazy\" class=\" wp-image-372 alignleft\" src=\"http:\/\/alemdojob.ielusc.br\/wp-content\/uploads\/2018\/10\/celular.png\" alt=\"\" width=\"354\" height=\"547\"><\/a><\/p>\r\n<p style=\"text-align: justify;\"><span style=\"font-weight: 400;\">O assunto<\/span> <span style=\"font-weight: 400;\">\u00e9 regulado pela parte relativa \u00e0 internet na resolu\u00e7\u00e3o que disciplina a propaganda eleitoral como um todo (<a href=\"http:\/\/www.tse.jus.br\/legislacao-tse\/res\/2017\/RES235512017.html\">Resolu\u00e7\u00e3o 23.551\/2017<\/a>). Pela norma, quem divulgar \u201cfatos sabidamente inver\u00eddicos\u201d est\u00e1 sujeito a ser obrigado a retirar o conte\u00fado do ar, mediante decis\u00e3o judicial. <\/span><\/p>\r\n<p style=\"text-align: justify;\"><span style=\"font-weight: 400;\"><span style=\"vertical-align: inherit;\"><span style=\"vertical-align: inherit;\">De acordo com o promotor de justi\u00e7a Lean Matheus de Xerez, <\/span><span style=\"vertical-align: inherit;\">ter um controle sobre as not\u00edcias falsas em redes sociais \u00e9 dif\u00edcil por causa da rapidez em que as not\u00edcias se espalham, mas afirma <\/span><\/span><span style=\"vertical-align: inherit;\"><span style=\"vertical-align: inherit;\">ser poss\u00edvel <strong>responsabilizar as pessoas<\/strong> e aplicar multas pelo <strong>crime<\/strong> de cal\u00fania, inj\u00faria e difama\u00e7\u00e3o<\/span><\/span><span style=\"vertical-align: inherit;\"><span style=\"vertical-align: inherit;\"> .<\/span><\/span><\/span><\/p>\r\n<p style=\"text-align: justify;\"><span style=\"font-weight: 400;\"><span style=\"vertical-align: inherit;\"><span style=\"vertical-align: inherit;\">No \u00e2mbito da justi\u00e7a eleitoral, os crimes praticados s\u00e3o de a\u00e7\u00e3o penal incondicionada. <\/span><span style=\"vertical-align: inherit;\">Segundo Xerez, caso \u00e9 o Minist\u00e9rio P\u00fablico que denuncia e conduz todo o procedimento.<\/span><\/span><\/span><\/p>\r\n<p><!--more--><\/p>\r\n<h3>5. Passo a Passo da identifica\u00e7\u00e3o<\/h3>\r\n<h3><span style=\"font-weight: 400;\"><span style=\"vertical-align: inherit;\"><span style=\"vertical-align: inherit;\"><br><img decoding=\"async\" class=\"aligncenter\" src=\"https:\/\/img.r7.com\/images\/fake-news-19102018113131644\" alt=\"Guia contra fake news: 7 dicas para n\u00e3o cair em boatos sobre a covid-19 -  Fotos - R7 Sa\u00fade\"><\/span><\/span><\/span><\/h3>\r\n<p>&nbsp;<\/p>\r\n<p><span style=\"vertical-align: inherit;\">Com o crescente n\u00famero de conte\u00fados rodeando as pessoas, a principal dificuldade \u00e9 <\/span><span style=\"font-weight: 400;\"><span style=\"vertical-align: inherit;\"><strong>identificar quais not\u00edcias s\u00e3o falsas ou n\u00e3o<\/strong>. Disfar\u00e7adas de informa\u00e7\u00f5es ver\u00eddicas, que aparentam estar apoiadas em apura\u00e7\u00e3o profissional e dados cient\u00edficos, como reportagens jornal\u00edsticas ou pesquisas acad\u00eamicas, como <\/span><\/span> <span style=\"font-weight: 400;\"><span style=\"vertical-align: inherit;\">not\u00edcias falsas muitas vezes se alimentam de sua pr\u00f3pria indefini\u00e7\u00e3o para se proliferar.<\/span><\/span><\/p>\r\n<div class=\"GridItemConstrainedMedium-sc-12lwanc-2 fVauYi\">\r\n<p class=\"Paragraph-k859h4-0 dSVJxu\">Siga estas dicas:<\/p>\r\n<\/div>\r\n<div class=\"GridItemConstrainedMedium-sc-12lwanc-2 fVauYi\">\r\n<p class=\"Paragraph-k859h4-0 dSVJxu\"><b>1)<\/b>&nbsp;Leia a not\u00edcia inteira, n\u00e3o apenas seu t\u00edtulo<\/p>\r\n<\/div>\r\n<div class=\"GridItemConstrainedMedium-sc-12lwanc-2 fVauYi\">\r\n<p class=\"Paragraph-k859h4-0 dSVJxu\"><b>2)<\/b>&nbsp;Cheque a fonte e a autoria da not\u00edcia<\/p>\r\n<\/div>\r\n<div class=\"GridItemConstrainedMedium-sc-12lwanc-2 fVauYi\">\r\n<p class=\"Paragraph-k859h4-0 dSVJxu\"><b>3)<\/b>&nbsp;Digite o t\u00edtulo da not\u00edcia recebida em buscador como o Google<\/p>\r\n<\/div>\r\n<div class=\"GridItemConstrainedMedium-sc-12lwanc-2 fVauYi\">\r\n<p class=\"Paragraph-k859h4-0 dSVJxu\"><b>4)<\/b>&nbsp;Destrinche os fatos da not\u00edcia e tente chec\u00e1-los individualmente<\/p>\r\n<\/div>\r\n<div class=\"GridItemConstrainedMedium-sc-12lwanc-2 fVauYi\">\r\n<p class=\"Paragraph-k859h4-0 dSVJxu\"><b>5)<\/b> Se for uma imagem, fa\u00e7a uma busca reversa por ela no Google (\u00e9 mais f\u00e1cil do que parece)<\/p>\r\n<\/div>\r\n<div class=\"GridItemConstrainedMedium-sc-12lwanc-2 fVauYi\">\r\n<p class=\"Paragraph-k859h4-0 dSVJxu\"><b>6)<\/b>&nbsp;\u00c9 um \u00e1udio ou um v\u00eddeo? Resuma o acontecimento e fa\u00e7a uma pesquisa no buscador<\/p>\r\n<\/div>\r\n<div class=\"GridItemConstrainedMedium-sc-12lwanc-2 fVauYi\">\r\n<p class=\"Paragraph-k859h4-0 dSVJxu\"><b>7)<\/b>&nbsp;Pergunte \u00e0 pessoa que encaminhou a not\u00edcia de quem ela recebeu e se essa pessoa conseguiu verificar a informa\u00e7\u00e3o<\/p>\r\n<\/div>\r\n<div class=\"GridItemConstrainedMedium-sc-12lwanc-2 fVauYi\">\r\n<p class=\"Paragraph-k859h4-0 dSVJxu\">Por \u00faltimo, <strong>n\u00e3o compartilhe<\/strong> se n\u00e3o estiver certeza de que a not\u00edcia \u00e9 verdadeira.<\/p>\r\n<\/div>\r\n<p><strong><span style=\"vertical-align: inherit;\"><span style=\"vertical-align: inherit;\">EXPEDIENTE<\/span><\/span><\/strong><br><span style=\"vertical-align: inherit;\"><span style=\"vertical-align: inherit;\"> &#8211; Reportagem: alunos e alunas da 4a fase do curso de Jornalismo <\/span><\/span><br><span style=\"vertical-align: inherit;\"><span style=\"vertical-align: inherit;\">Amanda dos Santos, Ana Carla Rubi, Bruna Alves, Bruna Coelho, Bruna Milany, Catherine Kuehl, Emilly Huida, Gabriela Puccini, Giovana Barros, Julia Venturi, Juliana Mews, Luana Ver\u00e7osa, Maria Fernanda Benedet, Mariane Arenhart, Mayara Rosa, Rafaela Fran\u00e7a, Roger Caetano, Samantha Reinert, Sara Lins, Thalita Pires, Vin\u00edcius Pietschmann e Vitor de Mira.<\/span><\/span><\/p>\r\n<p><span style=\"vertical-align: inherit;\"><span style=\"vertical-align: inherit;\">&#8211; Ilustra\u00e7\u00f5es: Yan Nero, aluno da 6a fase do curso de Jornalismo<\/span><\/span><\/p>\r\n<p><span style=\"vertical-align: inherit;\"><span style=\"vertical-align: inherit;\">&#8211; Identidade Visual e conceito da Webs\u00e9rie: alunos e alunas da 6a fase do curso de Publicidade e Propaganda <\/span><\/span><br><span style=\"vertical-align: inherit;\"><span style=\"vertical-align: inherit;\">J\u00falia Helena de Oliveira, Mori\u00e9me Fagundes, Felipe Guimar\u00e3es e Renata Rocha<\/span><\/span><\/p>\r\n<p><span style=\"vertical-align: inherit;\"><span style=\"vertical-align: inherit;\">&#8211; Apresenta\u00e7\u00e3o e Roteiro da Webs\u00e9rie: alunos da 8a fase e aluna da 6a fase do curso de Jornalismo <\/span><\/span><br><span style=\"vertical-align: inherit;\"><span style=\"vertical-align: inherit;\">Nathan Farias, Bruno Nunes e Annabel Nascimento<\/span><\/span><\/p>\r\n<p><span style=\"vertical-align: inherit;\"><span style=\"vertical-align: inherit;\">&#8211; Professora respons\u00e1vel: L\u00edvia Vieira<\/span><\/span><\/p>\r\n<p><span style=\"vertical-align: inherit;\"><span style=\"vertical-align: inherit;\">&#8211; Coordenador do curso de Jornalismo: Silvio Melatti<\/span><\/span><\/p>\r\n<p><span style=\"vertical-align: inherit;\"><span style=\"vertical-align: inherit;\">&#8211; Coordenador do curso de Publicidade e Propaganda: Vin\u00edcios Neves<\/span><\/span><\/p>\r\n<p>&#8211; Edi\u00e7\u00e3o: Gabriele Abatti<\/p>\r\n","protected":false},"excerpt":{"rendered":"<p>&nbsp; Nem sempre verificada, bem escrita ou imparcial. Em tempos que a facilidade de publicar &hellip; <\/p>\n","protected":false},"author":2,"featured_media":0,"comment_status":"open","ping_status":"open","sticky":false,"template":"","format":"standard","meta":{"_mi_skip_tracking":false,"_exactmetrics_sitenote_active":false,"_exactmetrics_sitenote_note":"","_exactmetrics_sitenote_category":0,"ngg_post_thumbnail":0,"footnotes":""},"categories":[1],"tags":[221,177],"yoast_head":"<!-- This site is optimized with the Yoast SEO plugin v21.4 - https:\/\/yoast.com\/wordpress\/plugins\/seo\/ -->\n<title>Ser\u00e1 que \u00e9 Fake: desvende as not\u00edcias falsas da web - Al\u00e9m do Job<\/title>\n<meta name=\"robots\" content=\"index, follow, max-snippet:-1, max-image-preview:large, max-video-preview:-1\" \/>\n<link rel=\"canonical\" href=\"https:\/\/alemdojob.ielusc.br\/index.php\/2018\/10\/19\/fake-news-o-que-voce-precisa-saber-pra-nao-ser-enganado-no-whatsapp\/\" \/>\n<meta property=\"og:locale\" content=\"pt_BR\" \/>\n<meta property=\"og:type\" content=\"article\" \/>\n<meta property=\"og:title\" content=\"Ser\u00e1 que \u00e9 Fake: desvende as not\u00edcias falsas da web - Al\u00e9m do Job\" \/>\n<meta property=\"og:description\" content=\"&nbsp; Nem sempre verificada, bem escrita ou imparcial. Em tempos que a facilidade de publicar &hellip;\" \/>\n<meta property=\"og:url\" content=\"https:\/\/alemdojob.ielusc.br\/index.php\/2018\/10\/19\/fake-news-o-que-voce-precisa-saber-pra-nao-ser-enganado-no-whatsapp\/\" \/>\n<meta property=\"og:site_name\" content=\"Al\u00e9m do Job\" \/>\n<meta property=\"article:published_time\" content=\"2018-10-19T04:15:14+00:00\" \/>\n<meta property=\"article:modified_time\" content=\"2020-11-20T00:35:57+00:00\" \/>\n<meta property=\"og:image\" content=\"http:\/\/alemdojob.ielusc.br\/wp-content\/uploads\/2018\/10\/fakenews_principal-1.png\" \/>\n<meta name=\"author\" content=\"Livia\" \/>\n<meta name=\"twitter:card\" content=\"summary_large_image\" \/>\n<meta name=\"twitter:label1\" content=\"Escrito por\" \/>\n\t<meta name=\"twitter:data1\" content=\"Livia\" \/>\n\t<meta name=\"twitter:label2\" content=\"Est. tempo de leitura\" \/>\n\t<meta name=\"twitter:data2\" content=\"10 minutos\" \/>\n<script type=\"application\/ld+json\" class=\"yoast-schema-graph\">{\"@context\":\"https:\/\/schema.org\",\"@graph\":[{\"@type\":\"Article\",\"@id\":\"https:\/\/alemdojob.ielusc.br\/index.php\/2018\/10\/19\/fake-news-o-que-voce-precisa-saber-pra-nao-ser-enganado-no-whatsapp\/#article\",\"isPartOf\":{\"@id\":\"https:\/\/alemdojob.ielusc.br\/index.php\/2018\/10\/19\/fake-news-o-que-voce-precisa-saber-pra-nao-ser-enganado-no-whatsapp\/\"},\"author\":{\"name\":\"Livia\",\"@id\":\"https:\/\/alemdojob.ielusc.br\/#\/schema\/person\/9179c3d2654545f29080d42ee2dcfe41\"},\"headline\":\"Ser\u00e1 que \u00e9 Fake: desvende as not\u00edcias falsas da web\",\"datePublished\":\"2018-10-19T04:15:14+00:00\",\"dateModified\":\"2020-11-20T00:35:57+00:00\",\"mainEntityOfPage\":{\"@id\":\"https:\/\/alemdojob.ielusc.br\/index.php\/2018\/10\/19\/fake-news-o-que-voce-precisa-saber-pra-nao-ser-enganado-no-whatsapp\/\"},\"wordCount\":2097,\"commentCount\":1,\"publisher\":{\"@id\":\"https:\/\/alemdojob.ielusc.br\/#organization\"},\"keywords\":[\"fake news\",\"Jornalismo\"],\"articleSection\":[\"Tend\u00eancias\"],\"inLanguage\":\"pt-BR\",\"potentialAction\":[{\"@type\":\"CommentAction\",\"name\":\"Comment\",\"target\":[\"https:\/\/alemdojob.ielusc.br\/index.php\/2018\/10\/19\/fake-news-o-que-voce-precisa-saber-pra-nao-ser-enganado-no-whatsapp\/#respond\"]}]},{\"@type\":\"WebPage\",\"@id\":\"https:\/\/alemdojob.ielusc.br\/index.php\/2018\/10\/19\/fake-news-o-que-voce-precisa-saber-pra-nao-ser-enganado-no-whatsapp\/\",\"url\":\"https:\/\/alemdojob.ielusc.br\/index.php\/2018\/10\/19\/fake-news-o-que-voce-precisa-saber-pra-nao-ser-enganado-no-whatsapp\/\",\"name\":\"Ser\u00e1 que \u00e9 Fake: desvende as not\u00edcias falsas da web - Al\u00e9m do Job\",\"isPartOf\":{\"@id\":\"https:\/\/alemdojob.ielusc.br\/#website\"},\"datePublished\":\"2018-10-19T04:15:14+00:00\",\"dateModified\":\"2020-11-20T00:35:57+00:00\",\"breadcrumb\":{\"@id\":\"https:\/\/alemdojob.ielusc.br\/index.php\/2018\/10\/19\/fake-news-o-que-voce-precisa-saber-pra-nao-ser-enganado-no-whatsapp\/#breadcrumb\"},\"inLanguage\":\"pt-BR\",\"potentialAction\":[{\"@type\":\"ReadAction\",\"target\":[\"https:\/\/alemdojob.ielusc.br\/index.php\/2018\/10\/19\/fake-news-o-que-voce-precisa-saber-pra-nao-ser-enganado-no-whatsapp\/\"]}]},{\"@type\":\"BreadcrumbList\",\"@id\":\"https:\/\/alemdojob.ielusc.br\/index.php\/2018\/10\/19\/fake-news-o-que-voce-precisa-saber-pra-nao-ser-enganado-no-whatsapp\/#breadcrumb\",\"itemListElement\":[{\"@type\":\"ListItem\",\"position\":1,\"name\":\"Home\",\"item\":\"https:\/\/alemdojob.ielusc.br\/\"},{\"@type\":\"ListItem\",\"position\":2,\"name\":\"Ser\u00e1 que \u00e9 Fake: desvende as not\u00edcias falsas da web\"}]},{\"@type\":\"WebSite\",\"@id\":\"https:\/\/alemdojob.ielusc.br\/#website\",\"url\":\"https:\/\/alemdojob.ielusc.br\/\",\"name\":\"Al\u00e9m do Job\",\"description\":\"\",\"publisher\":{\"@id\":\"https:\/\/alemdojob.ielusc.br\/#organization\"},\"potentialAction\":[{\"@type\":\"SearchAction\",\"target\":{\"@type\":\"EntryPoint\",\"urlTemplate\":\"https:\/\/alemdojob.ielusc.br\/?s={search_term_string}\"},\"query-input\":\"required name=search_term_string\"}],\"inLanguage\":\"pt-BR\"},{\"@type\":\"Organization\",\"@id\":\"https:\/\/alemdojob.ielusc.br\/#organization\",\"name\":\"Al\u00e9m do Job\",\"url\":\"https:\/\/alemdojob.ielusc.br\/\",\"logo\":{\"@type\":\"ImageObject\",\"inLanguage\":\"pt-BR\",\"@id\":\"https:\/\/alemdojob.ielusc.br\/#\/schema\/logo\/image\/\",\"url\":\"https:\/\/alemdojob.ielusc.br\/wp-content\/uploads\/2018\/10\/cropped-Logo-Alem-do-Job-Final-e1538527573648-2.png\",\"contentUrl\":\"https:\/\/alemdojob.ielusc.br\/wp-content\/uploads\/2018\/10\/cropped-Logo-Alem-do-Job-Final-e1538527573648-2.png\",\"width\":150,\"height\":150,\"caption\":\"Al\u00e9m do Job\"},\"image\":{\"@id\":\"https:\/\/alemdojob.ielusc.br\/#\/schema\/logo\/image\/\"}},{\"@type\":\"Person\",\"@id\":\"https:\/\/alemdojob.ielusc.br\/#\/schema\/person\/9179c3d2654545f29080d42ee2dcfe41\",\"name\":\"Livia\",\"image\":{\"@type\":\"ImageObject\",\"inLanguage\":\"pt-BR\",\"@id\":\"https:\/\/alemdojob.ielusc.br\/#\/schema\/person\/image\/\",\"url\":\"https:\/\/secure.gravatar.com\/avatar\/85a5a5ca7428f1b6bad1d9ea10453f5e?s=96&d=mm&r=g\",\"contentUrl\":\"https:\/\/secure.gravatar.com\/avatar\/85a5a5ca7428f1b6bad1d9ea10453f5e?s=96&d=mm&r=g\",\"caption\":\"Livia\"},\"url\":\"https:\/\/alemdojob.ielusc.br\/index.php\/author\/livia\/\"}]}<\/script>\n<!-- \/ Yoast SEO plugin. -->","yoast_head_json":{"title":"Ser\u00e1 que \u00e9 Fake: desvende as not\u00edcias falsas da web - Al\u00e9m do Job","robots":{"index":"index","follow":"follow","max-snippet":"max-snippet:-1","max-image-preview":"max-image-preview:large","max-video-preview":"max-video-preview:-1"},"canonical":"https:\/\/alemdojob.ielusc.br\/index.php\/2018\/10\/19\/fake-news-o-que-voce-precisa-saber-pra-nao-ser-enganado-no-whatsapp\/","og_locale":"pt_BR","og_type":"article","og_title":"Ser\u00e1 que \u00e9 Fake: desvende as not\u00edcias falsas da web - Al\u00e9m do Job","og_description":"&nbsp; Nem sempre verificada, bem escrita ou imparcial. Em tempos que a facilidade de publicar &hellip;","og_url":"https:\/\/alemdojob.ielusc.br\/index.php\/2018\/10\/19\/fake-news-o-que-voce-precisa-saber-pra-nao-ser-enganado-no-whatsapp\/","og_site_name":"Al\u00e9m do Job","article_published_time":"2018-10-19T04:15:14+00:00","article_modified_time":"2020-11-20T00:35:57+00:00","og_image":[{"url":"http:\/\/alemdojob.ielusc.br\/wp-content\/uploads\/2018\/10\/fakenews_principal-1.png"}],"author":"Livia","twitter_card":"summary_large_image","twitter_misc":{"Escrito por":"Livia","Est. tempo de leitura":"10 minutos"},"schema":{"@context":"https:\/\/schema.org","@graph":[{"@type":"Article","@id":"https:\/\/alemdojob.ielusc.br\/index.php\/2018\/10\/19\/fake-news-o-que-voce-precisa-saber-pra-nao-ser-enganado-no-whatsapp\/#article","isPartOf":{"@id":"https:\/\/alemdojob.ielusc.br\/index.php\/2018\/10\/19\/fake-news-o-que-voce-precisa-saber-pra-nao-ser-enganado-no-whatsapp\/"},"author":{"name":"Livia","@id":"https:\/\/alemdojob.ielusc.br\/#\/schema\/person\/9179c3d2654545f29080d42ee2dcfe41"},"headline":"Ser\u00e1 que \u00e9 Fake: desvende as not\u00edcias falsas da web","datePublished":"2018-10-19T04:15:14+00:00","dateModified":"2020-11-20T00:35:57+00:00","mainEntityOfPage":{"@id":"https:\/\/alemdojob.ielusc.br\/index.php\/2018\/10\/19\/fake-news-o-que-voce-precisa-saber-pra-nao-ser-enganado-no-whatsapp\/"},"wordCount":2097,"commentCount":1,"publisher":{"@id":"https:\/\/alemdojob.ielusc.br\/#organization"},"keywords":["fake news","Jornalismo"],"articleSection":["Tend\u00eancias"],"inLanguage":"pt-BR","potentialAction":[{"@type":"CommentAction","name":"Comment","target":["https:\/\/alemdojob.ielusc.br\/index.php\/2018\/10\/19\/fake-news-o-que-voce-precisa-saber-pra-nao-ser-enganado-no-whatsapp\/#respond"]}]},{"@type":"WebPage","@id":"https:\/\/alemdojob.ielusc.br\/index.php\/2018\/10\/19\/fake-news-o-que-voce-precisa-saber-pra-nao-ser-enganado-no-whatsapp\/","url":"https:\/\/alemdojob.ielusc.br\/index.php\/2018\/10\/19\/fake-news-o-que-voce-precisa-saber-pra-nao-ser-enganado-no-whatsapp\/","name":"Ser\u00e1 que \u00e9 Fake: desvende as not\u00edcias falsas da web - Al\u00e9m do Job","isPartOf":{"@id":"https:\/\/alemdojob.ielusc.br\/#website"},"datePublished":"2018-10-19T04:15:14+00:00","dateModified":"2020-11-20T00:35:57+00:00","breadcrumb":{"@id":"https:\/\/alemdojob.ielusc.br\/index.php\/2018\/10\/19\/fake-news-o-que-voce-precisa-saber-pra-nao-ser-enganado-no-whatsapp\/#breadcrumb"},"inLanguage":"pt-BR","potentialAction":[{"@type":"ReadAction","target":["https:\/\/alemdojob.ielusc.br\/index.php\/2018\/10\/19\/fake-news-o-que-voce-precisa-saber-pra-nao-ser-enganado-no-whatsapp\/"]}]},{"@type":"BreadcrumbList","@id":"https:\/\/alemdojob.ielusc.br\/index.php\/2018\/10\/19\/fake-news-o-que-voce-precisa-saber-pra-nao-ser-enganado-no-whatsapp\/#breadcrumb","itemListElement":[{"@type":"ListItem","position":1,"name":"Home","item":"https:\/\/alemdojob.ielusc.br\/"},{"@type":"ListItem","position":2,"name":"Ser\u00e1 que \u00e9 Fake: desvende as not\u00edcias falsas da web"}]},{"@type":"WebSite","@id":"https:\/\/alemdojob.ielusc.br\/#website","url":"https:\/\/alemdojob.ielusc.br\/","name":"Al\u00e9m do Job","description":"","publisher":{"@id":"https:\/\/alemdojob.ielusc.br\/#organization"},"potentialAction":[{"@type":"SearchAction","target":{"@type":"EntryPoint","urlTemplate":"https:\/\/alemdojob.ielusc.br\/?s={search_term_string}"},"query-input":"required name=search_term_string"}],"inLanguage":"pt-BR"},{"@type":"Organization","@id":"https:\/\/alemdojob.ielusc.br\/#organization","name":"Al\u00e9m do Job","url":"https:\/\/alemdojob.ielusc.br\/","logo":{"@type":"ImageObject","inLanguage":"pt-BR","@id":"https:\/\/alemdojob.ielusc.br\/#\/schema\/logo\/image\/","url":"https:\/\/alemdojob.ielusc.br\/wp-content\/uploads\/2018\/10\/cropped-Logo-Alem-do-Job-Final-e1538527573648-2.png","contentUrl":"https:\/\/alemdojob.ielusc.br\/wp-content\/uploads\/2018\/10\/cropped-Logo-Alem-do-Job-Final-e1538527573648-2.png","width":150,"height":150,"caption":"Al\u00e9m do Job"},"image":{"@id":"https:\/\/alemdojob.ielusc.br\/#\/schema\/logo\/image\/"}},{"@type":"Person","@id":"https:\/\/alemdojob.ielusc.br\/#\/schema\/person\/9179c3d2654545f29080d42ee2dcfe41","name":"Livia","image":{"@type":"ImageObject","inLanguage":"pt-BR","@id":"https:\/\/alemdojob.ielusc.br\/#\/schema\/person\/image\/","url":"https:\/\/secure.gravatar.com\/avatar\/85a5a5ca7428f1b6bad1d9ea10453f5e?s=96&d=mm&r=g","contentUrl":"https:\/\/secure.gravatar.com\/avatar\/85a5a5ca7428f1b6bad1d9ea10453f5e?s=96&d=mm&r=g","caption":"Livia"},"url":"https:\/\/alemdojob.ielusc.br\/index.php\/author\/livia\/"}]}},"_links":{"self":[{"href":"https:\/\/alemdojob.ielusc.br\/index.php\/wp-json\/wp\/v2\/posts\/247"}],"collection":[{"href":"https:\/\/alemdojob.ielusc.br\/index.php\/wp-json\/wp\/v2\/posts"}],"about":[{"href":"https:\/\/alemdojob.ielusc.br\/index.php\/wp-json\/wp\/v2\/types\/post"}],"author":[{"embeddable":true,"href":"https:\/\/alemdojob.ielusc.br\/index.php\/wp-json\/wp\/v2\/users\/2"}],"replies":[{"embeddable":true,"href":"https:\/\/alemdojob.ielusc.br\/index.php\/wp-json\/wp\/v2\/comments?post=247"}],"version-history":[{"count":100,"href":"https:\/\/alemdojob.ielusc.br\/index.php\/wp-json\/wp\/v2\/posts\/247\/revisions"}],"predecessor-version":[{"id":2072,"href":"https:\/\/alemdojob.ielusc.br\/index.php\/wp-json\/wp\/v2\/posts\/247\/revisions\/2072"}],"wp:attachment":[{"href":"https:\/\/alemdojob.ielusc.br\/index.php\/wp-json\/wp\/v2\/media?parent=247"}],"wp:term":[{"taxonomy":"category","embeddable":true,"href":"https:\/\/alemdojob.ielusc.br\/index.php\/wp-json\/wp\/v2\/categories?post=247"},{"taxonomy":"post_tag","embeddable":true,"href":"https:\/\/alemdojob.ielusc.br\/index.php\/wp-json\/wp\/v2\/tags?post=247"}],"curies":[{"name":"wp","href":"https:\/\/api.w.org\/{rel}","templated":true}]}}