{"id":2537,"date":"2023-12-03T04:43:06","date_gmt":"2023-12-03T07:43:06","guid":{"rendered":"https:\/\/alemdojob.ielusc.br\/?p=2537"},"modified":"2023-12-03T04:43:06","modified_gmt":"2023-12-03T07:43:06","slug":"operacao-lei-maria-da-penha-agressores-quinta-feira-violencia-domestica-contra-as-mulheres","status":"publish","type":"post","link":"https:\/\/alemdojob.ielusc.br\/index.php\/2023\/12\/03\/operacao-lei-maria-da-penha-agressores-quinta-feira-violencia-domestica-contra-as-mulheres\/","title":{"rendered":""},"content":{"rendered":"<p><span style=\"font-weight: 400\"><img decoding=\"async\" loading=\"lazy\" class=\"alignnone wp-image-2538 size-medium\" src=\"http:\/\/alemdojob.ielusc.br\/wp-content\/uploads\/2023\/12\/IMG_5156-scaled-e1701586593157-290x300.jpg\" alt=\"Bombeiros se preparam para atendimento em ocorr\u00eancia de viol\u00eancia dom\u00e9stica da PM\" width=\"290\" height=\"300\" srcset=\"https:\/\/alemdojob.ielusc.br\/wp-content\/uploads\/2023\/12\/IMG_5156-scaled-e1701586593157-290x300.jpg 290w, https:\/\/alemdojob.ielusc.br\/wp-content\/uploads\/2023\/12\/IMG_5156-scaled-e1701586593157-991x1024.jpg 991w, https:\/\/alemdojob.ielusc.br\/wp-content\/uploads\/2023\/12\/IMG_5156-scaled-e1701586593157-768x794.jpg 768w, https:\/\/alemdojob.ielusc.br\/wp-content\/uploads\/2023\/12\/IMG_5156-scaled-e1701586593157-1486x1536.jpg 1486w, https:\/\/alemdojob.ielusc.br\/wp-content\/uploads\/2023\/12\/IMG_5156-scaled-e1701586593157-58x60.jpg 58w, https:\/\/alemdojob.ielusc.br\/wp-content\/uploads\/2023\/12\/IMG_5156-scaled-e1701586593157.jpg 1911w\" sizes=\"(max-width: 290px) 100vw, 290px\" \/><\/span><\/p>\n<p>&nbsp;<\/p>\n<p><span style=\"font-weight: 400\">Na quinta-feira, 23 de novembro, os Bombeiros de Joinville prestaram apoio a Central de Plant\u00e3o Policial (CPP) localizado no Boa Vista. Dois homens, de 26 e 27 anos, foram detidos na opera\u00e7\u00e3o Maria da Penha, quando h\u00e1 casos de viol\u00eancia dom\u00e9stica contra as mulheres. <\/span><span style=\"font-weight: 400\">Em um dos casos o detido atacou a mulher mas tamb\u00e9m desferiu mordidas no seu filho de quatro anos.<\/span><\/p>\n<p>Os bombeiros foram at\u00e9 o local pois os detentos haviam passado mal durante o transporte do endere\u00e7o da ocorr\u00eancia at\u00e9 a delegacia. Um dos indiv\u00edduos apresentou sinais de claustrofobia e o outro cortou a m\u00e3o durante seus movimentos na viatura. O atendimento transcorreu sem problemas, com dura\u00e7\u00e3o m\u00e9dia de dez minutos.<\/p>\n<p>O policial respons\u00e1vel pela pris\u00e3o relata que nesta quinta-feira ocorreram mais dois casos de pris\u00e3o por viol\u00eancia dom\u00e9stica contra mulheres. No entanto, esses incidentes s\u00e3o mais frequentes no domingo \u00e0 noite, porque os c\u00f4njuges passam mais tempo juntos em casa e em alguns casos, os homens est\u00e3o em abstin\u00eancia de drogas, sejam l\u00edcitas ou il\u00edcitas.<\/p>\n<p><span style=\"font-weight: 400\">Segundo a Seguran\u00e7a P\u00fablica, em julho de 2023, Santa Catarina teve um aumento de 60% no n\u00famero de medidas protetivas. Al\u00e9m disso, no munic\u00edpio, houve uma m\u00e9dia de 170 boletins de ocorr\u00eancia e mais de 150 pris\u00f5es de agressores de viol\u00eancia dom\u00e9stica contra as mulheres, segundo a coordenadora das DPCAMIs do estado, Patr\u00edcia Zimmermann. S\u00f3 no primeiro trimestre de 2023, 19 mulheres morreram v\u00edtimas de feminic\u00eddio em Santa Catarina.<\/span><\/p>\n<p>Qualquer tipo de viol\u00eancia contra a mulher \u00e9 crime. Denuncie na Central do Atendimento \u00e0 Mulher: 180 (24 horas), disque 190 para emerg\u00eancia da Pol\u00edcia Militar ou ainda procure uma Delegacia Especializada da Mulher mais pr\u00f3xima a voc\u00ea.<\/p>\n<p>Mais informa\u00e7\u00f5es acesse:<a href=\"https:\/\/www.joinville.sc.gov.br\/wp-content\/uploads\/2021\/08\/Cartilha-de-Enfrentamento-%C3%A0-Viol%C3%AAncia-contra-a-Mulher.pdf\"><span style=\"font-weight: 400\">Cartilha de Joinville de Enfrentamento a Viol\u00eancia Contra a Mulher<\/span><\/a>.<\/p>\n","protected":false},"excerpt":{"rendered":"<p>&nbsp; Na quinta-feira, 23 de novembro, os Bombeiros de Joinville prestaram apoio a Central de &hellip; <\/p>\n","protected":false},"author":33,"featured_media":0,"comment_status":"open","ping_status":"open","sticky":false,"template":"","format":"standard","meta":{"_mi_skip_tracking":false,"_exactmetrics_sitenote_active":false,"_exactmetrics_sitenote_note":"","_exactmetrics_sitenote_category":0,"ngg_post_thumbnail":0,"footnotes":""},"categories":[1],"tags":[],"yoast_head":"<!-- This site is optimized with the Yoast SEO plugin v21.4 - https:\/\/yoast.com\/wordpress\/plugins\/seo\/ -->\n<title>- Al\u00e9m do Job<\/title>\n<meta name=\"description\" content=\"PM apreende nesta quinta-feira, dois agressores de viol\u00eancia dom\u00e9stica contra as mulheres em Joinville. Leia a mat\u00e9ria completa!\" \/>\n<meta name=\"robots\" content=\"index, follow, max-snippet:-1, max-image-preview:large, max-video-preview:-1\" \/>\n<link rel=\"canonical\" href=\"https:\/\/alemdojob.ielusc.br\/index.php\/2023\/12\/03\/operacao-lei-maria-da-penha-agressores-quinta-feira-violencia-domestica-contra-as-mulheres\/\" \/>\n<meta property=\"og:locale\" content=\"pt_BR\" \/>\n<meta property=\"og:type\" content=\"article\" \/>\n<meta property=\"og:title\" content=\"- Al\u00e9m do Job\" \/>\n<meta property=\"og:description\" content=\"PM apreende nesta quinta-feira, dois agressores de viol\u00eancia dom\u00e9stica contra as mulheres em Joinville. Leia a mat\u00e9ria completa!\" \/>\n<meta property=\"og:url\" content=\"https:\/\/alemdojob.ielusc.br\/index.php\/2023\/12\/03\/operacao-lei-maria-da-penha-agressores-quinta-feira-violencia-domestica-contra-as-mulheres\/\" \/>\n<meta property=\"og:site_name\" content=\"Al\u00e9m do Job\" \/>\n<meta property=\"article:published_time\" content=\"2023-12-03T07:43:06+00:00\" \/>\n<meta property=\"og:image\" content=\"http:\/\/alemdojob.ielusc.br\/wp-content\/uploads\/2023\/12\/IMG_5156-scaled-e1701586593157-290x300.jpg\" \/>\n<meta name=\"author\" content=\"aluno2023\" \/>\n<meta name=\"twitter:card\" content=\"summary_large_image\" \/>\n<meta name=\"twitter:label1\" content=\"Escrito por\" \/>\n\t<meta name=\"twitter:data1\" content=\"aluno2023\" \/>\n\t<meta name=\"twitter:label2\" content=\"Est. tempo de leitura\" \/>\n\t<meta name=\"twitter:data2\" content=\"2 minutos\" \/>\n<script type=\"application\/ld+json\" class=\"yoast-schema-graph\">{\"@context\":\"https:\/\/schema.org\",\"@graph\":[{\"@type\":\"Article\",\"@id\":\"https:\/\/alemdojob.ielusc.br\/index.php\/2023\/12\/03\/operacao-lei-maria-da-penha-agressores-quinta-feira-violencia-domestica-contra-as-mulheres\/#article\",\"isPartOf\":{\"@id\":\"https:\/\/alemdojob.ielusc.br\/index.php\/2023\/12\/03\/operacao-lei-maria-da-penha-agressores-quinta-feira-violencia-domestica-contra-as-mulheres\/\"},\"author\":{\"name\":\"aluno2023\",\"@id\":\"https:\/\/alemdojob.ielusc.br\/#\/schema\/person\/3bac15aacd523daa63b03808a03749ef\"},\"headline\":\"Sem t\u00edtulo\",\"datePublished\":\"2023-12-03T07:43:06+00:00\",\"dateModified\":\"2023-12-03T07:43:06+00:00\",\"mainEntityOfPage\":{\"@id\":\"https:\/\/alemdojob.ielusc.br\/index.php\/2023\/12\/03\/operacao-lei-maria-da-penha-agressores-quinta-feira-violencia-domestica-contra-as-mulheres\/\"},\"wordCount\":316,\"commentCount\":0,\"publisher\":{\"@id\":\"https:\/\/alemdojob.ielusc.br\/#organization\"},\"articleSection\":[\"Tend\u00eancias\"],\"inLanguage\":\"pt-BR\",\"potentialAction\":[{\"@type\":\"CommentAction\",\"name\":\"Comment\",\"target\":[\"https:\/\/alemdojob.ielusc.br\/index.php\/2023\/12\/03\/operacao-lei-maria-da-penha-agressores-quinta-feira-violencia-domestica-contra-as-mulheres\/#respond\"]}]},{\"@type\":\"WebPage\",\"@id\":\"https:\/\/alemdojob.ielusc.br\/index.php\/2023\/12\/03\/operacao-lei-maria-da-penha-agressores-quinta-feira-violencia-domestica-contra-as-mulheres\/\",\"url\":\"https:\/\/alemdojob.ielusc.br\/index.php\/2023\/12\/03\/operacao-lei-maria-da-penha-agressores-quinta-feira-violencia-domestica-contra-as-mulheres\/\",\"name\":\"- Al\u00e9m do Job\",\"isPartOf\":{\"@id\":\"https:\/\/alemdojob.ielusc.br\/#website\"},\"datePublished\":\"2023-12-03T07:43:06+00:00\",\"dateModified\":\"2023-12-03T07:43:06+00:00\",\"description\":\"PM apreende nesta quinta-feira, dois agressores de viol\u00eancia dom\u00e9stica contra as mulheres em Joinville. Leia a mat\u00e9ria completa!\",\"inLanguage\":\"pt-BR\",\"potentialAction\":[{\"@type\":\"ReadAction\",\"target\":[\"https:\/\/alemdojob.ielusc.br\/index.php\/2023\/12\/03\/operacao-lei-maria-da-penha-agressores-quinta-feira-violencia-domestica-contra-as-mulheres\/\"]}]},{\"@type\":\"WebSite\",\"@id\":\"https:\/\/alemdojob.ielusc.br\/#website\",\"url\":\"https:\/\/alemdojob.ielusc.br\/\",\"name\":\"Al\u00e9m do Job\",\"description\":\"\",\"publisher\":{\"@id\":\"https:\/\/alemdojob.ielusc.br\/#organization\"},\"potentialAction\":[{\"@type\":\"SearchAction\",\"target\":{\"@type\":\"EntryPoint\",\"urlTemplate\":\"https:\/\/alemdojob.ielusc.br\/?s={search_term_string}\"},\"query-input\":\"required name=search_term_string\"}],\"inLanguage\":\"pt-BR\"},{\"@type\":\"Organization\",\"@id\":\"https:\/\/alemdojob.ielusc.br\/#organization\",\"name\":\"Al\u00e9m do Job\",\"url\":\"https:\/\/alemdojob.ielusc.br\/\",\"logo\":{\"@type\":\"ImageObject\",\"inLanguage\":\"pt-BR\",\"@id\":\"https:\/\/alemdojob.ielusc.br\/#\/schema\/logo\/image\/\",\"url\":\"https:\/\/alemdojob.ielusc.br\/wp-content\/uploads\/2018\/10\/cropped-Logo-Alem-do-Job-Final-e1538527573648-2.png\",\"contentUrl\":\"https:\/\/alemdojob.ielusc.br\/wp-content\/uploads\/2018\/10\/cropped-Logo-Alem-do-Job-Final-e1538527573648-2.png\",\"width\":150,\"height\":150,\"caption\":\"Al\u00e9m do Job\"},\"image\":{\"@id\":\"https:\/\/alemdojob.ielusc.br\/#\/schema\/logo\/image\/\"}},{\"@type\":\"Person\",\"@id\":\"https:\/\/alemdojob.ielusc.br\/#\/schema\/person\/3bac15aacd523daa63b03808a03749ef\",\"name\":\"aluno2023\",\"image\":{\"@type\":\"ImageObject\",\"inLanguage\":\"pt-BR\",\"@id\":\"https:\/\/alemdojob.ielusc.br\/#\/schema\/person\/image\/\",\"url\":\"https:\/\/secure.gravatar.com\/avatar\/0d636cf0bb29171e956d2645fa6b4fb2?s=96&d=mm&r=g\",\"contentUrl\":\"https:\/\/secure.gravatar.com\/avatar\/0d636cf0bb29171e956d2645fa6b4fb2?s=96&d=mm&r=g\",\"caption\":\"aluno2023\"},\"url\":\"https:\/\/alemdojob.ielusc.br\/index.php\/author\/aluno2023\/\"}]}<\/script>\n<!-- \/ Yoast SEO plugin. -->","yoast_head_json":{"title":"- Al\u00e9m do Job","description":"PM apreende nesta quinta-feira, dois agressores de viol\u00eancia dom\u00e9stica contra as mulheres em Joinville. Leia a mat\u00e9ria completa!","robots":{"index":"index","follow":"follow","max-snippet":"max-snippet:-1","max-image-preview":"max-image-preview:large","max-video-preview":"max-video-preview:-1"},"canonical":"https:\/\/alemdojob.ielusc.br\/index.php\/2023\/12\/03\/operacao-lei-maria-da-penha-agressores-quinta-feira-violencia-domestica-contra-as-mulheres\/","og_locale":"pt_BR","og_type":"article","og_title":"- Al\u00e9m do Job","og_description":"PM apreende nesta quinta-feira, dois agressores de viol\u00eancia dom\u00e9stica contra as mulheres em Joinville. Leia a mat\u00e9ria completa!","og_url":"https:\/\/alemdojob.ielusc.br\/index.php\/2023\/12\/03\/operacao-lei-maria-da-penha-agressores-quinta-feira-violencia-domestica-contra-as-mulheres\/","og_site_name":"Al\u00e9m do Job","article_published_time":"2023-12-03T07:43:06+00:00","og_image":[{"url":"http:\/\/alemdojob.ielusc.br\/wp-content\/uploads\/2023\/12\/IMG_5156-scaled-e1701586593157-290x300.jpg"}],"author":"aluno2023","twitter_card":"summary_large_image","twitter_misc":{"Escrito por":"aluno2023","Est. tempo de leitura":"2 minutos"},"schema":{"@context":"https:\/\/schema.org","@graph":[{"@type":"Article","@id":"https:\/\/alemdojob.ielusc.br\/index.php\/2023\/12\/03\/operacao-lei-maria-da-penha-agressores-quinta-feira-violencia-domestica-contra-as-mulheres\/#article","isPartOf":{"@id":"https:\/\/alemdojob.ielusc.br\/index.php\/2023\/12\/03\/operacao-lei-maria-da-penha-agressores-quinta-feira-violencia-domestica-contra-as-mulheres\/"},"author":{"name":"aluno2023","@id":"https:\/\/alemdojob.ielusc.br\/#\/schema\/person\/3bac15aacd523daa63b03808a03749ef"},"headline":"Sem t\u00edtulo","datePublished":"2023-12-03T07:43:06+00:00","dateModified":"2023-12-03T07:43:06+00:00","mainEntityOfPage":{"@id":"https:\/\/alemdojob.ielusc.br\/index.php\/2023\/12\/03\/operacao-lei-maria-da-penha-agressores-quinta-feira-violencia-domestica-contra-as-mulheres\/"},"wordCount":316,"commentCount":0,"publisher":{"@id":"https:\/\/alemdojob.ielusc.br\/#organization"},"articleSection":["Tend\u00eancias"],"inLanguage":"pt-BR","potentialAction":[{"@type":"CommentAction","name":"Comment","target":["https:\/\/alemdojob.ielusc.br\/index.php\/2023\/12\/03\/operacao-lei-maria-da-penha-agressores-quinta-feira-violencia-domestica-contra-as-mulheres\/#respond"]}]},{"@type":"WebPage","@id":"https:\/\/alemdojob.ielusc.br\/index.php\/2023\/12\/03\/operacao-lei-maria-da-penha-agressores-quinta-feira-violencia-domestica-contra-as-mulheres\/","url":"https:\/\/alemdojob.ielusc.br\/index.php\/2023\/12\/03\/operacao-lei-maria-da-penha-agressores-quinta-feira-violencia-domestica-contra-as-mulheres\/","name":"- Al\u00e9m do Job","isPartOf":{"@id":"https:\/\/alemdojob.ielusc.br\/#website"},"datePublished":"2023-12-03T07:43:06+00:00","dateModified":"2023-12-03T07:43:06+00:00","description":"PM apreende nesta quinta-feira, dois agressores de viol\u00eancia dom\u00e9stica contra as mulheres em Joinville. Leia a mat\u00e9ria completa!","inLanguage":"pt-BR","potentialAction":[{"@type":"ReadAction","target":["https:\/\/alemdojob.ielusc.br\/index.php\/2023\/12\/03\/operacao-lei-maria-da-penha-agressores-quinta-feira-violencia-domestica-contra-as-mulheres\/"]}]},{"@type":"WebSite","@id":"https:\/\/alemdojob.ielusc.br\/#website","url":"https:\/\/alemdojob.ielusc.br\/","name":"Al\u00e9m do Job","description":"","publisher":{"@id":"https:\/\/alemdojob.ielusc.br\/#organization"},"potentialAction":[{"@type":"SearchAction","target":{"@type":"EntryPoint","urlTemplate":"https:\/\/alemdojob.ielusc.br\/?s={search_term_string}"},"query-input":"required name=search_term_string"}],"inLanguage":"pt-BR"},{"@type":"Organization","@id":"https:\/\/alemdojob.ielusc.br\/#organization","name":"Al\u00e9m do Job","url":"https:\/\/alemdojob.ielusc.br\/","logo":{"@type":"ImageObject","inLanguage":"pt-BR","@id":"https:\/\/alemdojob.ielusc.br\/#\/schema\/logo\/image\/","url":"https:\/\/alemdojob.ielusc.br\/wp-content\/uploads\/2018\/10\/cropped-Logo-Alem-do-Job-Final-e1538527573648-2.png","contentUrl":"https:\/\/alemdojob.ielusc.br\/wp-content\/uploads\/2018\/10\/cropped-Logo-Alem-do-Job-Final-e1538527573648-2.png","width":150,"height":150,"caption":"Al\u00e9m do Job"},"image":{"@id":"https:\/\/alemdojob.ielusc.br\/#\/schema\/logo\/image\/"}},{"@type":"Person","@id":"https:\/\/alemdojob.ielusc.br\/#\/schema\/person\/3bac15aacd523daa63b03808a03749ef","name":"aluno2023","image":{"@type":"ImageObject","inLanguage":"pt-BR","@id":"https:\/\/alemdojob.ielusc.br\/#\/schema\/person\/image\/","url":"https:\/\/secure.gravatar.com\/avatar\/0d636cf0bb29171e956d2645fa6b4fb2?s=96&d=mm&r=g","contentUrl":"https:\/\/secure.gravatar.com\/avatar\/0d636cf0bb29171e956d2645fa6b4fb2?s=96&d=mm&r=g","caption":"aluno2023"},"url":"https:\/\/alemdojob.ielusc.br\/index.php\/author\/aluno2023\/"}]}},"_links":{"self":[{"href":"https:\/\/alemdojob.ielusc.br\/index.php\/wp-json\/wp\/v2\/posts\/2537"}],"collection":[{"href":"https:\/\/alemdojob.ielusc.br\/index.php\/wp-json\/wp\/v2\/posts"}],"about":[{"href":"https:\/\/alemdojob.ielusc.br\/index.php\/wp-json\/wp\/v2\/types\/post"}],"author":[{"embeddable":true,"href":"https:\/\/alemdojob.ielusc.br\/index.php\/wp-json\/wp\/v2\/users\/33"}],"replies":[{"embeddable":true,"href":"https:\/\/alemdojob.ielusc.br\/index.php\/wp-json\/wp\/v2\/comments?post=2537"}],"version-history":[{"count":2,"href":"https:\/\/alemdojob.ielusc.br\/index.php\/wp-json\/wp\/v2\/posts\/2537\/revisions"}],"predecessor-version":[{"id":2540,"href":"https:\/\/alemdojob.ielusc.br\/index.php\/wp-json\/wp\/v2\/posts\/2537\/revisions\/2540"}],"wp:attachment":[{"href":"https:\/\/alemdojob.ielusc.br\/index.php\/wp-json\/wp\/v2\/media?parent=2537"}],"wp:term":[{"taxonomy":"category","embeddable":true,"href":"https:\/\/alemdojob.ielusc.br\/index.php\/wp-json\/wp\/v2\/categories?post=2537"},{"taxonomy":"post_tag","embeddable":true,"href":"https:\/\/alemdojob.ielusc.br\/index.php\/wp-json\/wp\/v2\/tags?post=2537"}],"curies":[{"name":"wp","href":"https:\/\/api.w.org\/{rel}","templated":true}]}}