{"id":2543,"date":"2023-12-04T18:13:22","date_gmt":"2023-12-04T21:13:22","guid":{"rendered":"https:\/\/alemdojob.ielusc.br\/?p=2543"},"modified":"2023-12-04T18:13:22","modified_gmt":"2023-12-04T21:13:22","slug":"a-magia-natalina-de-2023-desperta-a-cidade-historica","status":"publish","type":"post","link":"https:\/\/alemdojob.ielusc.br\/index.php\/2023\/12\/04\/a-magia-natalina-de-2023-desperta-a-cidade-historica\/","title":{"rendered":"A Magia Natalina de 2023 Desperta a Cidade Hist\u00f3rica"},"content":{"rendered":"<p>Na \u00faltima sexta-feira (1), o Natal de S\u00e3o Francisco do Sul foi aberto com a magia natalina de 2023. A chegada da Caravana do Papai Noel no Centro Hist\u00f3rico lotou a pra\u00e7a Get\u00falio Vargas, com pais e crian\u00e7as que estavam presentes.<\/p>\n<p>A abertura contou com a presen\u00e7a do Papai Noel juntamente da cantora mirim Isa Camargo, do Coral do Litoral e da Banda Guarani. \u00c0s 20h30 aconteceu a liga\u00e7\u00e3o das luzes natalinas, que iluminaram a pra\u00e7a e toda a cidade, trazendo o ar da magia do natal, que \u00e9 proporcionado todos os anos.<\/p>\n<p>Al\u00e9m disso, a ornamenta\u00e7\u00e3o natalina, combinada com a arquitetura colonial que caracteriza a regi\u00e3o, criou uma atmosfera \u00fanica e acolhedora. Uma \u00e1rvore de Natal imponente, decorada com elementos tradicionais e locais, tornou-se o ponto focal, tornando-o um local m\u00e1gico. \u201cA cidade j\u00e1 \u00e9 encantadora, com essas luzes ent\u00e3o, ficou digna de muitas fotos, v\u00eddeos e principalmente festa\u201d, destacou Maria de Lourdes, moradora do bairro h\u00e1 30 anos que acompanha todos os anos a abertura do natal com seus filhos e netos.<\/p>\n<p>Al\u00e9m disso, neste ano, o Natal conta com uma novidade, o \u201cNatal por toda S\u00e3o Chico\u201d, uma Carreta iluminada que levar\u00e1 a magia natalina de 2023 para os bairros da cidade. Muitos pais estavam felizes em poder compartilhar esses momentos com seus filhos, pois ter\u00e3o a carreta em seu bairro. &#8220;Essa carreta foi uma ideia muito massa, ter o Papai Noel perto da nossa casa, minhas filhas j\u00e1 est\u00e3o contando os dias&#8221;, disse J\u00falio de Souza, morador das cidade e pai de duas meninas.<\/p>\n<h3><strong>Programa\u00e7\u00e3o:<\/strong><\/h3>\n<p><span style=\"font-weight: 400\">No dia 17\/12, acontecer\u00e1 uma grande festa com muitas a\u00e7\u00f5es no aterro da Ba\u00eda da Babitonga, a partir das 17h, como:<\/span><\/p>\n<p><span style=\"font-weight: 400\">-Viver S\u00e3o Chico<\/span><\/p>\n<p><span style=\"font-weight: 400\">-Caravana do Papai Noel<\/span><\/p>\n<p><span style=\"font-weight: 400\">-Brinquedos Infl\u00e1veis<\/span><\/p>\n<p><span style=\"font-weight: 400\">-Oficina de pintura de rosto<\/span><\/p>\n<p><span style=\"font-weight: 400\">-Apresenta\u00e7\u00f5es culturais<\/span><\/p>\n<p><span style=\"font-weight: 400\">O Papai Noel tamb\u00e9m atender\u00e1 na sua casinha, na Pra\u00e7a Get\u00falio Vargas, no Centro Hist\u00f3rico nos dias 2, 3,\u00a0 8, 9, 10, 15, 16 de Dezembro, das 18h \u00e0s 22h.<\/span><\/p>\n<p><span style=\"font-weight: 400\">Para mais informa\u00e7\u00f5es sobre a programa\u00e7\u00e3o natalina, acompanhe no<\/span><a href=\"https:\/\/www.saofranciscodosul.sc.gov.br\/noticias\"><span style=\"font-weight: 400\"> site da Prefeitura de S\u00e3o Francisco do Sul<\/span><\/a><\/p>\n<p>&nbsp;<\/p>\n<p><img decoding=\"async\" loading=\"lazy\" class=\"alignnone size-medium wp-image-2546\" src=\"http:\/\/alemdojob.ielusc.br\/wp-content\/uploads\/2023\/12\/23278-1-300x200.jpg\" alt=\"\" width=\"300\" height=\"200\" srcset=\"https:\/\/alemdojob.ielusc.br\/wp-content\/uploads\/2023\/12\/23278-1-300x200.jpg 300w, https:\/\/alemdojob.ielusc.br\/wp-content\/uploads\/2023\/12\/23278-1-768x512.jpg 768w, https:\/\/alemdojob.ielusc.br\/wp-content\/uploads\/2023\/12\/23278-1-90x60.jpg 90w, https:\/\/alemdojob.ielusc.br\/wp-content\/uploads\/2023\/12\/23278-1.jpg 800w\" sizes=\"(max-width: 300px) 100vw, 300px\" \/>\u00c1rvore de natal iluminada<\/p>\n","protected":false},"excerpt":{"rendered":"<p>Na \u00faltima sexta-feira (1), o Natal de S\u00e3o Francisco do Sul foi aberto com a &hellip; <\/p>\n","protected":false},"author":33,"featured_media":0,"comment_status":"open","ping_status":"open","sticky":false,"template":"","format":"standard","meta":{"_mi_skip_tracking":false,"_exactmetrics_sitenote_active":false,"_exactmetrics_sitenote_note":"","_exactmetrics_sitenote_category":0,"ngg_post_thumbnail":0,"footnotes":""},"categories":[1],"tags":[],"yoast_head":"<!-- This site is optimized with the Yoast SEO plugin v21.4 - https:\/\/yoast.com\/wordpress\/plugins\/seo\/ -->\n<title>A Magia Natalina de 2023 Desperta a Cidade Hist\u00f3rica - Al\u00e9m do Job<\/title>\n<meta name=\"description\" content=\"A cerimonia do Natal de S\u00e3o Francisco do Sul lotou a pra\u00e7a Get\u00falio Vargas, com pais e crian\u00e7as que estavam presentes.\" \/>\n<meta name=\"robots\" content=\"index, follow, max-snippet:-1, max-image-preview:large, max-video-preview:-1\" \/>\n<link rel=\"canonical\" href=\"https:\/\/alemdojob.ielusc.br\/index.php\/2023\/12\/04\/a-magia-natalina-de-2023-desperta-a-cidade-historica\/\" \/>\n<meta property=\"og:locale\" content=\"pt_BR\" \/>\n<meta property=\"og:type\" content=\"article\" \/>\n<meta property=\"og:title\" content=\"A Magia Natalina de 2023 Desperta a Cidade Hist\u00f3rica - Al\u00e9m do Job\" \/>\n<meta property=\"og:description\" content=\"A cerimonia do Natal de S\u00e3o Francisco do Sul lotou a pra\u00e7a Get\u00falio Vargas, com pais e crian\u00e7as que estavam presentes.\" \/>\n<meta property=\"og:url\" content=\"https:\/\/alemdojob.ielusc.br\/index.php\/2023\/12\/04\/a-magia-natalina-de-2023-desperta-a-cidade-historica\/\" \/>\n<meta property=\"og:site_name\" content=\"Al\u00e9m do Job\" \/>\n<meta property=\"article:published_time\" content=\"2023-12-04T21:13:22+00:00\" \/>\n<meta property=\"og:image\" content=\"http:\/\/alemdojob.ielusc.br\/wp-content\/uploads\/2023\/12\/23278-1-300x200.jpg\" \/>\n<meta name=\"author\" content=\"aluno2023\" \/>\n<meta name=\"twitter:card\" content=\"summary_large_image\" \/>\n<meta name=\"twitter:label1\" content=\"Escrito por\" \/>\n\t<meta name=\"twitter:data1\" content=\"aluno2023\" \/>\n\t<meta name=\"twitter:label2\" content=\"Est. tempo de leitura\" \/>\n\t<meta name=\"twitter:data2\" content=\"3 minutos\" \/>\n<script type=\"application\/ld+json\" class=\"yoast-schema-graph\">{\"@context\":\"https:\/\/schema.org\",\"@graph\":[{\"@type\":\"Article\",\"@id\":\"https:\/\/alemdojob.ielusc.br\/index.php\/2023\/12\/04\/a-magia-natalina-de-2023-desperta-a-cidade-historica\/#article\",\"isPartOf\":{\"@id\":\"https:\/\/alemdojob.ielusc.br\/index.php\/2023\/12\/04\/a-magia-natalina-de-2023-desperta-a-cidade-historica\/\"},\"author\":{\"name\":\"aluno2023\",\"@id\":\"https:\/\/alemdojob.ielusc.br\/#\/schema\/person\/3bac15aacd523daa63b03808a03749ef\"},\"headline\":\"A Magia Natalina de 2023 Desperta a Cidade Hist\u00f3rica\",\"datePublished\":\"2023-12-04T21:13:22+00:00\",\"dateModified\":\"2023-12-04T21:13:22+00:00\",\"mainEntityOfPage\":{\"@id\":\"https:\/\/alemdojob.ielusc.br\/index.php\/2023\/12\/04\/a-magia-natalina-de-2023-desperta-a-cidade-historica\/\"},\"wordCount\":375,\"commentCount\":0,\"publisher\":{\"@id\":\"https:\/\/alemdojob.ielusc.br\/#organization\"},\"articleSection\":[\"Tend\u00eancias\"],\"inLanguage\":\"pt-BR\",\"potentialAction\":[{\"@type\":\"CommentAction\",\"name\":\"Comment\",\"target\":[\"https:\/\/alemdojob.ielusc.br\/index.php\/2023\/12\/04\/a-magia-natalina-de-2023-desperta-a-cidade-historica\/#respond\"]}]},{\"@type\":\"WebPage\",\"@id\":\"https:\/\/alemdojob.ielusc.br\/index.php\/2023\/12\/04\/a-magia-natalina-de-2023-desperta-a-cidade-historica\/\",\"url\":\"https:\/\/alemdojob.ielusc.br\/index.php\/2023\/12\/04\/a-magia-natalina-de-2023-desperta-a-cidade-historica\/\",\"name\":\"A Magia Natalina de 2023 Desperta a Cidade Hist\u00f3rica - Al\u00e9m do Job\",\"isPartOf\":{\"@id\":\"https:\/\/alemdojob.ielusc.br\/#website\"},\"datePublished\":\"2023-12-04T21:13:22+00:00\",\"dateModified\":\"2023-12-04T21:13:22+00:00\",\"description\":\"A cerimonia do Natal de S\u00e3o Francisco do Sul lotou a pra\u00e7a Get\u00falio Vargas, com pais e crian\u00e7as que estavam presentes.\",\"breadcrumb\":{\"@id\":\"https:\/\/alemdojob.ielusc.br\/index.php\/2023\/12\/04\/a-magia-natalina-de-2023-desperta-a-cidade-historica\/#breadcrumb\"},\"inLanguage\":\"pt-BR\",\"potentialAction\":[{\"@type\":\"ReadAction\",\"target\":[\"https:\/\/alemdojob.ielusc.br\/index.php\/2023\/12\/04\/a-magia-natalina-de-2023-desperta-a-cidade-historica\/\"]}]},{\"@type\":\"BreadcrumbList\",\"@id\":\"https:\/\/alemdojob.ielusc.br\/index.php\/2023\/12\/04\/a-magia-natalina-de-2023-desperta-a-cidade-historica\/#breadcrumb\",\"itemListElement\":[{\"@type\":\"ListItem\",\"position\":1,\"name\":\"Home\",\"item\":\"https:\/\/alemdojob.ielusc.br\/\"},{\"@type\":\"ListItem\",\"position\":2,\"name\":\"A Magia Natalina de 2023 Desperta a Cidade Hist\u00f3rica\"}]},{\"@type\":\"WebSite\",\"@id\":\"https:\/\/alemdojob.ielusc.br\/#website\",\"url\":\"https:\/\/alemdojob.ielusc.br\/\",\"name\":\"Al\u00e9m do Job\",\"description\":\"\",\"publisher\":{\"@id\":\"https:\/\/alemdojob.ielusc.br\/#organization\"},\"potentialAction\":[{\"@type\":\"SearchAction\",\"target\":{\"@type\":\"EntryPoint\",\"urlTemplate\":\"https:\/\/alemdojob.ielusc.br\/?s={search_term_string}\"},\"query-input\":\"required name=search_term_string\"}],\"inLanguage\":\"pt-BR\"},{\"@type\":\"Organization\",\"@id\":\"https:\/\/alemdojob.ielusc.br\/#organization\",\"name\":\"Al\u00e9m do Job\",\"url\":\"https:\/\/alemdojob.ielusc.br\/\",\"logo\":{\"@type\":\"ImageObject\",\"inLanguage\":\"pt-BR\",\"@id\":\"https:\/\/alemdojob.ielusc.br\/#\/schema\/logo\/image\/\",\"url\":\"https:\/\/alemdojob.ielusc.br\/wp-content\/uploads\/2018\/10\/cropped-Logo-Alem-do-Job-Final-e1538527573648-2.png\",\"contentUrl\":\"https:\/\/alemdojob.ielusc.br\/wp-content\/uploads\/2018\/10\/cropped-Logo-Alem-do-Job-Final-e1538527573648-2.png\",\"width\":150,\"height\":150,\"caption\":\"Al\u00e9m do Job\"},\"image\":{\"@id\":\"https:\/\/alemdojob.ielusc.br\/#\/schema\/logo\/image\/\"}},{\"@type\":\"Person\",\"@id\":\"https:\/\/alemdojob.ielusc.br\/#\/schema\/person\/3bac15aacd523daa63b03808a03749ef\",\"name\":\"aluno2023\",\"image\":{\"@type\":\"ImageObject\",\"inLanguage\":\"pt-BR\",\"@id\":\"https:\/\/alemdojob.ielusc.br\/#\/schema\/person\/image\/\",\"url\":\"https:\/\/secure.gravatar.com\/avatar\/0d636cf0bb29171e956d2645fa6b4fb2?s=96&d=mm&r=g\",\"contentUrl\":\"https:\/\/secure.gravatar.com\/avatar\/0d636cf0bb29171e956d2645fa6b4fb2?s=96&d=mm&r=g\",\"caption\":\"aluno2023\"},\"url\":\"https:\/\/alemdojob.ielusc.br\/index.php\/author\/aluno2023\/\"}]}<\/script>\n<!-- \/ Yoast SEO plugin. -->","yoast_head_json":{"title":"A Magia Natalina de 2023 Desperta a Cidade Hist\u00f3rica - Al\u00e9m do Job","description":"A cerimonia do Natal de S\u00e3o Francisco do Sul lotou a pra\u00e7a Get\u00falio Vargas, com pais e crian\u00e7as que estavam presentes.","robots":{"index":"index","follow":"follow","max-snippet":"max-snippet:-1","max-image-preview":"max-image-preview:large","max-video-preview":"max-video-preview:-1"},"canonical":"https:\/\/alemdojob.ielusc.br\/index.php\/2023\/12\/04\/a-magia-natalina-de-2023-desperta-a-cidade-historica\/","og_locale":"pt_BR","og_type":"article","og_title":"A Magia Natalina de 2023 Desperta a Cidade Hist\u00f3rica - Al\u00e9m do Job","og_description":"A cerimonia do Natal de S\u00e3o Francisco do Sul lotou a pra\u00e7a Get\u00falio Vargas, com pais e crian\u00e7as que estavam presentes.","og_url":"https:\/\/alemdojob.ielusc.br\/index.php\/2023\/12\/04\/a-magia-natalina-de-2023-desperta-a-cidade-historica\/","og_site_name":"Al\u00e9m do Job","article_published_time":"2023-12-04T21:13:22+00:00","og_image":[{"url":"http:\/\/alemdojob.ielusc.br\/wp-content\/uploads\/2023\/12\/23278-1-300x200.jpg"}],"author":"aluno2023","twitter_card":"summary_large_image","twitter_misc":{"Escrito por":"aluno2023","Est. tempo de leitura":"3 minutos"},"schema":{"@context":"https:\/\/schema.org","@graph":[{"@type":"Article","@id":"https:\/\/alemdojob.ielusc.br\/index.php\/2023\/12\/04\/a-magia-natalina-de-2023-desperta-a-cidade-historica\/#article","isPartOf":{"@id":"https:\/\/alemdojob.ielusc.br\/index.php\/2023\/12\/04\/a-magia-natalina-de-2023-desperta-a-cidade-historica\/"},"author":{"name":"aluno2023","@id":"https:\/\/alemdojob.ielusc.br\/#\/schema\/person\/3bac15aacd523daa63b03808a03749ef"},"headline":"A Magia Natalina de 2023 Desperta a Cidade Hist\u00f3rica","datePublished":"2023-12-04T21:13:22+00:00","dateModified":"2023-12-04T21:13:22+00:00","mainEntityOfPage":{"@id":"https:\/\/alemdojob.ielusc.br\/index.php\/2023\/12\/04\/a-magia-natalina-de-2023-desperta-a-cidade-historica\/"},"wordCount":375,"commentCount":0,"publisher":{"@id":"https:\/\/alemdojob.ielusc.br\/#organization"},"articleSection":["Tend\u00eancias"],"inLanguage":"pt-BR","potentialAction":[{"@type":"CommentAction","name":"Comment","target":["https:\/\/alemdojob.ielusc.br\/index.php\/2023\/12\/04\/a-magia-natalina-de-2023-desperta-a-cidade-historica\/#respond"]}]},{"@type":"WebPage","@id":"https:\/\/alemdojob.ielusc.br\/index.php\/2023\/12\/04\/a-magia-natalina-de-2023-desperta-a-cidade-historica\/","url":"https:\/\/alemdojob.ielusc.br\/index.php\/2023\/12\/04\/a-magia-natalina-de-2023-desperta-a-cidade-historica\/","name":"A Magia Natalina de 2023 Desperta a Cidade Hist\u00f3rica - Al\u00e9m do Job","isPartOf":{"@id":"https:\/\/alemdojob.ielusc.br\/#website"},"datePublished":"2023-12-04T21:13:22+00:00","dateModified":"2023-12-04T21:13:22+00:00","description":"A cerimonia do Natal de S\u00e3o Francisco do Sul lotou a pra\u00e7a Get\u00falio Vargas, com pais e crian\u00e7as que estavam presentes.","breadcrumb":{"@id":"https:\/\/alemdojob.ielusc.br\/index.php\/2023\/12\/04\/a-magia-natalina-de-2023-desperta-a-cidade-historica\/#breadcrumb"},"inLanguage":"pt-BR","potentialAction":[{"@type":"ReadAction","target":["https:\/\/alemdojob.ielusc.br\/index.php\/2023\/12\/04\/a-magia-natalina-de-2023-desperta-a-cidade-historica\/"]}]},{"@type":"BreadcrumbList","@id":"https:\/\/alemdojob.ielusc.br\/index.php\/2023\/12\/04\/a-magia-natalina-de-2023-desperta-a-cidade-historica\/#breadcrumb","itemListElement":[{"@type":"ListItem","position":1,"name":"Home","item":"https:\/\/alemdojob.ielusc.br\/"},{"@type":"ListItem","position":2,"name":"A Magia Natalina de 2023 Desperta a Cidade Hist\u00f3rica"}]},{"@type":"WebSite","@id":"https:\/\/alemdojob.ielusc.br\/#website","url":"https:\/\/alemdojob.ielusc.br\/","name":"Al\u00e9m do Job","description":"","publisher":{"@id":"https:\/\/alemdojob.ielusc.br\/#organization"},"potentialAction":[{"@type":"SearchAction","target":{"@type":"EntryPoint","urlTemplate":"https:\/\/alemdojob.ielusc.br\/?s={search_term_string}"},"query-input":"required name=search_term_string"}],"inLanguage":"pt-BR"},{"@type":"Organization","@id":"https:\/\/alemdojob.ielusc.br\/#organization","name":"Al\u00e9m do Job","url":"https:\/\/alemdojob.ielusc.br\/","logo":{"@type":"ImageObject","inLanguage":"pt-BR","@id":"https:\/\/alemdojob.ielusc.br\/#\/schema\/logo\/image\/","url":"https:\/\/alemdojob.ielusc.br\/wp-content\/uploads\/2018\/10\/cropped-Logo-Alem-do-Job-Final-e1538527573648-2.png","contentUrl":"https:\/\/alemdojob.ielusc.br\/wp-content\/uploads\/2018\/10\/cropped-Logo-Alem-do-Job-Final-e1538527573648-2.png","width":150,"height":150,"caption":"Al\u00e9m do Job"},"image":{"@id":"https:\/\/alemdojob.ielusc.br\/#\/schema\/logo\/image\/"}},{"@type":"Person","@id":"https:\/\/alemdojob.ielusc.br\/#\/schema\/person\/3bac15aacd523daa63b03808a03749ef","name":"aluno2023","image":{"@type":"ImageObject","inLanguage":"pt-BR","@id":"https:\/\/alemdojob.ielusc.br\/#\/schema\/person\/image\/","url":"https:\/\/secure.gravatar.com\/avatar\/0d636cf0bb29171e956d2645fa6b4fb2?s=96&d=mm&r=g","contentUrl":"https:\/\/secure.gravatar.com\/avatar\/0d636cf0bb29171e956d2645fa6b4fb2?s=96&d=mm&r=g","caption":"aluno2023"},"url":"https:\/\/alemdojob.ielusc.br\/index.php\/author\/aluno2023\/"}]}},"_links":{"self":[{"href":"https:\/\/alemdojob.ielusc.br\/index.php\/wp-json\/wp\/v2\/posts\/2543"}],"collection":[{"href":"https:\/\/alemdojob.ielusc.br\/index.php\/wp-json\/wp\/v2\/posts"}],"about":[{"href":"https:\/\/alemdojob.ielusc.br\/index.php\/wp-json\/wp\/v2\/types\/post"}],"author":[{"embeddable":true,"href":"https:\/\/alemdojob.ielusc.br\/index.php\/wp-json\/wp\/v2\/users\/33"}],"replies":[{"embeddable":true,"href":"https:\/\/alemdojob.ielusc.br\/index.php\/wp-json\/wp\/v2\/comments?post=2543"}],"version-history":[{"count":3,"href":"https:\/\/alemdojob.ielusc.br\/index.php\/wp-json\/wp\/v2\/posts\/2543\/revisions"}],"predecessor-version":[{"id":2549,"href":"https:\/\/alemdojob.ielusc.br\/index.php\/wp-json\/wp\/v2\/posts\/2543\/revisions\/2549"}],"wp:attachment":[{"href":"https:\/\/alemdojob.ielusc.br\/index.php\/wp-json\/wp\/v2\/media?parent=2543"}],"wp:term":[{"taxonomy":"category","embeddable":true,"href":"https:\/\/alemdojob.ielusc.br\/index.php\/wp-json\/wp\/v2\/categories?post=2543"},{"taxonomy":"post_tag","embeddable":true,"href":"https:\/\/alemdojob.ielusc.br\/index.php\/wp-json\/wp\/v2\/tags?post=2543"}],"curies":[{"name":"wp","href":"https:\/\/api.w.org\/{rel}","templated":true}]}}