{"id":334,"date":"2018-11-01T14:00:05","date_gmt":"2018-11-01T17:00:05","guid":{"rendered":"http:\/\/alemdojob.ielusc.br\/?p=334"},"modified":"2018-11-06T21:04:26","modified_gmt":"2018-11-06T23:04:26","slug":"podcast-papo-de-galo-programa-002-atendimento","status":"publish","type":"post","link":"https:\/\/alemdojob.ielusc.br\/index.php\/2018\/11\/01\/podcast-papo-de-galo-programa-002-atendimento\/","title":{"rendered":"Podcast Papo de Galo &#8211; Programa 002 &#8211; Atendimento"},"content":{"rendered":"<p><iframe loading=\"lazy\" title=\"Papo De Galo 02 - Atendimento - Monique Oltramari by Podcast Papo de Galo\" width=\"750\" height=\"400\" scrolling=\"no\" frameborder=\"no\" src=\"https:\/\/w.soundcloud.com\/player\/?visual=true&#038;url=https%3A%2F%2Fapi.soundcloud.com%2Ftracks%2F525863307&#038;show_artwork=true&#038;maxwidth=750&#038;maxheight=1000&#038;dnt=1\"><\/iframe><\/p>\n<div class=\"truncatedAudioInfo__wrapper\">\n<div class=\"truncatedAudioInfo__content\">\n<div class=\"sc-type-small\">\n<div>\n<p>Seja muito bem-vind@ ao Papo de Galo &#8211; o podcast que vai falar sobre publicidade e propaganda nos mais diversos aspectos &#8211; pra voc\u00ea que pretende entrar na publicidade ou que j\u00e1 \u00e9 aluno do curso.<\/p>\n<p>No primeiro programa, tivemos um papo muito bacana com Ricardo Marchiori da R\u00e1dio Jovem Pan Joinville que falou sobre o mercado publicit\u00e1rio. Hoje, o Gabriel Farias entrevistou a rainha do atendimento &#8211; Monique Oltramari &#8211; que abriu o jogo sobre a \u00e1rea de atendimento dentro do setor publicit\u00e1rio.<\/p>\n<p>Confere a\u00ed!<\/p>\n<\/div>\n<\/div>\n<div class=\"truncatedAudioInfo__metadata\">\n<div class=\"listenInfo\">\n<div><\/div>\n<\/div>\n<\/div>\n<div class=\"truncatedAudioInfo__license\">\n<div class=\"license sc-type-light\"><\/div>\n<\/div>\n<\/div>\n<\/div>\n","protected":false},"excerpt":{"rendered":"<p>Seja muito bem-vind@ ao Papo de Galo &#8211; o podcast que vai falar sobre publicidade &hellip; <\/p>\n","protected":false},"author":7,"featured_media":336,"comment_status":"open","ping_status":"open","sticky":false,"template":"","format":"standard","meta":{"_mi_skip_tracking":false,"_exactmetrics_sitenote_active":false,"_exactmetrics_sitenote_note":"","_exactmetrics_sitenote_category":0,"ngg_post_thumbnail":0,"footnotes":""},"categories":[1],"tags":[],"yoast_head":"<!-- This site is optimized with the Yoast SEO plugin v21.4 - https:\/\/yoast.com\/wordpress\/plugins\/seo\/ -->\n<title>Podcast Papo de Galo - Programa 002 - Atendimento - Al\u00e9m do Job<\/title>\n<meta name=\"robots\" content=\"index, follow, max-snippet:-1, max-image-preview:large, max-video-preview:-1\" \/>\n<link rel=\"canonical\" href=\"https:\/\/alemdojob.ielusc.br\/index.php\/2018\/11\/01\/podcast-papo-de-galo-programa-002-atendimento\/\" \/>\n<meta property=\"og:locale\" content=\"pt_BR\" \/>\n<meta property=\"og:type\" content=\"article\" \/>\n<meta property=\"og:title\" content=\"Podcast Papo de Galo - Programa 002 - Atendimento - Al\u00e9m do Job\" \/>\n<meta property=\"og:description\" content=\"Seja muito bem-vind@ ao Papo de Galo &#8211; o podcast que vai falar sobre publicidade &hellip;\" \/>\n<meta property=\"og:url\" content=\"https:\/\/alemdojob.ielusc.br\/index.php\/2018\/11\/01\/podcast-papo-de-galo-programa-002-atendimento\/\" \/>\n<meta property=\"og:site_name\" content=\"Al\u00e9m do Job\" \/>\n<meta property=\"article:published_time\" content=\"2018-11-01T17:00:05+00:00\" \/>\n<meta property=\"article:modified_time\" content=\"2018-11-06T23:04:26+00:00\" \/>\n<meta property=\"og:image\" content=\"https:\/\/alemdojob.ielusc.br\/wp-content\/uploads\/2018\/10\/PAPO-DE-GALO-2.jpg\" \/>\n\t<meta property=\"og:image:width\" content=\"1024\" \/>\n\t<meta property=\"og:image:height\" content=\"582\" \/>\n\t<meta property=\"og:image:type\" content=\"image\/jpeg\" \/>\n<meta name=\"author\" content=\"Carlos Castro\" \/>\n<meta name=\"twitter:card\" content=\"summary_large_image\" \/>\n<meta name=\"twitter:label1\" content=\"Escrito por\" \/>\n\t<meta name=\"twitter:data1\" content=\"Carlos Castro\" \/>\n<script type=\"application\/ld+json\" class=\"yoast-schema-graph\">{\"@context\":\"https:\/\/schema.org\",\"@graph\":[{\"@type\":\"Article\",\"@id\":\"https:\/\/alemdojob.ielusc.br\/index.php\/2018\/11\/01\/podcast-papo-de-galo-programa-002-atendimento\/#article\",\"isPartOf\":{\"@id\":\"https:\/\/alemdojob.ielusc.br\/index.php\/2018\/11\/01\/podcast-papo-de-galo-programa-002-atendimento\/\"},\"author\":{\"name\":\"Carlos Castro\",\"@id\":\"https:\/\/alemdojob.ielusc.br\/#\/schema\/person\/c4363c30a0c5759d6e165829cb7b7b96\"},\"headline\":\"Podcast Papo de Galo &#8211; Programa 002 &#8211; Atendimento\",\"datePublished\":\"2018-11-01T17:00:05+00:00\",\"dateModified\":\"2018-11-06T23:04:26+00:00\",\"mainEntityOfPage\":{\"@id\":\"https:\/\/alemdojob.ielusc.br\/index.php\/2018\/11\/01\/podcast-papo-de-galo-programa-002-atendimento\/\"},\"wordCount\":104,\"commentCount\":0,\"publisher\":{\"@id\":\"https:\/\/alemdojob.ielusc.br\/#organization\"},\"articleSection\":[\"Tend\u00eancias\"],\"inLanguage\":\"pt-BR\",\"potentialAction\":[{\"@type\":\"CommentAction\",\"name\":\"Comment\",\"target\":[\"https:\/\/alemdojob.ielusc.br\/index.php\/2018\/11\/01\/podcast-papo-de-galo-programa-002-atendimento\/#respond\"]}]},{\"@type\":\"WebPage\",\"@id\":\"https:\/\/alemdojob.ielusc.br\/index.php\/2018\/11\/01\/podcast-papo-de-galo-programa-002-atendimento\/\",\"url\":\"https:\/\/alemdojob.ielusc.br\/index.php\/2018\/11\/01\/podcast-papo-de-galo-programa-002-atendimento\/\",\"name\":\"Podcast Papo de Galo - Programa 002 - Atendimento - Al\u00e9m do Job\",\"isPartOf\":{\"@id\":\"https:\/\/alemdojob.ielusc.br\/#website\"},\"datePublished\":\"2018-11-01T17:00:05+00:00\",\"dateModified\":\"2018-11-06T23:04:26+00:00\",\"breadcrumb\":{\"@id\":\"https:\/\/alemdojob.ielusc.br\/index.php\/2018\/11\/01\/podcast-papo-de-galo-programa-002-atendimento\/#breadcrumb\"},\"inLanguage\":\"pt-BR\",\"potentialAction\":[{\"@type\":\"ReadAction\",\"target\":[\"https:\/\/alemdojob.ielusc.br\/index.php\/2018\/11\/01\/podcast-papo-de-galo-programa-002-atendimento\/\"]}]},{\"@type\":\"BreadcrumbList\",\"@id\":\"https:\/\/alemdojob.ielusc.br\/index.php\/2018\/11\/01\/podcast-papo-de-galo-programa-002-atendimento\/#breadcrumb\",\"itemListElement\":[{\"@type\":\"ListItem\",\"position\":1,\"name\":\"Home\",\"item\":\"https:\/\/alemdojob.ielusc.br\/\"},{\"@type\":\"ListItem\",\"position\":2,\"name\":\"Podcast Papo de Galo &#8211; Programa 002 &#8211; Atendimento\"}]},{\"@type\":\"WebSite\",\"@id\":\"https:\/\/alemdojob.ielusc.br\/#website\",\"url\":\"https:\/\/alemdojob.ielusc.br\/\",\"name\":\"Al\u00e9m do Job\",\"description\":\"\",\"publisher\":{\"@id\":\"https:\/\/alemdojob.ielusc.br\/#organization\"},\"potentialAction\":[{\"@type\":\"SearchAction\",\"target\":{\"@type\":\"EntryPoint\",\"urlTemplate\":\"https:\/\/alemdojob.ielusc.br\/?s={search_term_string}\"},\"query-input\":\"required name=search_term_string\"}],\"inLanguage\":\"pt-BR\"},{\"@type\":\"Organization\",\"@id\":\"https:\/\/alemdojob.ielusc.br\/#organization\",\"name\":\"Al\u00e9m do Job\",\"url\":\"https:\/\/alemdojob.ielusc.br\/\",\"logo\":{\"@type\":\"ImageObject\",\"inLanguage\":\"pt-BR\",\"@id\":\"https:\/\/alemdojob.ielusc.br\/#\/schema\/logo\/image\/\",\"url\":\"https:\/\/alemdojob.ielusc.br\/wp-content\/uploads\/2018\/10\/cropped-Logo-Alem-do-Job-Final-e1538527573648-2.png\",\"contentUrl\":\"https:\/\/alemdojob.ielusc.br\/wp-content\/uploads\/2018\/10\/cropped-Logo-Alem-do-Job-Final-e1538527573648-2.png\",\"width\":150,\"height\":150,\"caption\":\"Al\u00e9m do Job\"},\"image\":{\"@id\":\"https:\/\/alemdojob.ielusc.br\/#\/schema\/logo\/image\/\"}},{\"@type\":\"Person\",\"@id\":\"https:\/\/alemdojob.ielusc.br\/#\/schema\/person\/c4363c30a0c5759d6e165829cb7b7b96\",\"name\":\"Carlos Castro\",\"image\":{\"@type\":\"ImageObject\",\"inLanguage\":\"pt-BR\",\"@id\":\"https:\/\/alemdojob.ielusc.br\/#\/schema\/person\/image\/\",\"url\":\"https:\/\/secure.gravatar.com\/avatar\/511931cb525b8ce300d1ab5bda99b3cc?s=96&d=mm&r=g\",\"contentUrl\":\"https:\/\/secure.gravatar.com\/avatar\/511931cb525b8ce300d1ab5bda99b3cc?s=96&d=mm&r=g\",\"caption\":\"Carlos Castro\"},\"description\":\"Carlos Castro. 21 anos. Trabalha como voz off para r\u00e1dios e ag\u00eancias. Al\u00e9m de ser f\u00e3 de m\u00fasica eletr\u00f4nica, curte muito estar nas baladas com seus amigos (pra ele s\u00e3o irm\u00e3os).\",\"url\":\"https:\/\/alemdojob.ielusc.br\/index.php\/author\/carlos-castro\/\"}]}<\/script>\n<!-- \/ Yoast SEO plugin. -->","yoast_head_json":{"title":"Podcast Papo de Galo - Programa 002 - Atendimento - Al\u00e9m do Job","robots":{"index":"index","follow":"follow","max-snippet":"max-snippet:-1","max-image-preview":"max-image-preview:large","max-video-preview":"max-video-preview:-1"},"canonical":"https:\/\/alemdojob.ielusc.br\/index.php\/2018\/11\/01\/podcast-papo-de-galo-programa-002-atendimento\/","og_locale":"pt_BR","og_type":"article","og_title":"Podcast Papo de Galo - Programa 002 - Atendimento - Al\u00e9m do Job","og_description":"Seja muito bem-vind@ ao Papo de Galo &#8211; o podcast que vai falar sobre publicidade &hellip;","og_url":"https:\/\/alemdojob.ielusc.br\/index.php\/2018\/11\/01\/podcast-papo-de-galo-programa-002-atendimento\/","og_site_name":"Al\u00e9m do Job","article_published_time":"2018-11-01T17:00:05+00:00","article_modified_time":"2018-11-06T23:04:26+00:00","og_image":[{"width":1024,"height":582,"url":"https:\/\/alemdojob.ielusc.br\/wp-content\/uploads\/2018\/10\/PAPO-DE-GALO-2.jpg","type":"image\/jpeg"}],"author":"Carlos Castro","twitter_card":"summary_large_image","twitter_misc":{"Escrito por":"Carlos Castro"},"schema":{"@context":"https:\/\/schema.org","@graph":[{"@type":"Article","@id":"https:\/\/alemdojob.ielusc.br\/index.php\/2018\/11\/01\/podcast-papo-de-galo-programa-002-atendimento\/#article","isPartOf":{"@id":"https:\/\/alemdojob.ielusc.br\/index.php\/2018\/11\/01\/podcast-papo-de-galo-programa-002-atendimento\/"},"author":{"name":"Carlos Castro","@id":"https:\/\/alemdojob.ielusc.br\/#\/schema\/person\/c4363c30a0c5759d6e165829cb7b7b96"},"headline":"Podcast Papo de Galo &#8211; Programa 002 &#8211; Atendimento","datePublished":"2018-11-01T17:00:05+00:00","dateModified":"2018-11-06T23:04:26+00:00","mainEntityOfPage":{"@id":"https:\/\/alemdojob.ielusc.br\/index.php\/2018\/11\/01\/podcast-papo-de-galo-programa-002-atendimento\/"},"wordCount":104,"commentCount":0,"publisher":{"@id":"https:\/\/alemdojob.ielusc.br\/#organization"},"articleSection":["Tend\u00eancias"],"inLanguage":"pt-BR","potentialAction":[{"@type":"CommentAction","name":"Comment","target":["https:\/\/alemdojob.ielusc.br\/index.php\/2018\/11\/01\/podcast-papo-de-galo-programa-002-atendimento\/#respond"]}]},{"@type":"WebPage","@id":"https:\/\/alemdojob.ielusc.br\/index.php\/2018\/11\/01\/podcast-papo-de-galo-programa-002-atendimento\/","url":"https:\/\/alemdojob.ielusc.br\/index.php\/2018\/11\/01\/podcast-papo-de-galo-programa-002-atendimento\/","name":"Podcast Papo de Galo - Programa 002 - Atendimento - Al\u00e9m do Job","isPartOf":{"@id":"https:\/\/alemdojob.ielusc.br\/#website"},"datePublished":"2018-11-01T17:00:05+00:00","dateModified":"2018-11-06T23:04:26+00:00","breadcrumb":{"@id":"https:\/\/alemdojob.ielusc.br\/index.php\/2018\/11\/01\/podcast-papo-de-galo-programa-002-atendimento\/#breadcrumb"},"inLanguage":"pt-BR","potentialAction":[{"@type":"ReadAction","target":["https:\/\/alemdojob.ielusc.br\/index.php\/2018\/11\/01\/podcast-papo-de-galo-programa-002-atendimento\/"]}]},{"@type":"BreadcrumbList","@id":"https:\/\/alemdojob.ielusc.br\/index.php\/2018\/11\/01\/podcast-papo-de-galo-programa-002-atendimento\/#breadcrumb","itemListElement":[{"@type":"ListItem","position":1,"name":"Home","item":"https:\/\/alemdojob.ielusc.br\/"},{"@type":"ListItem","position":2,"name":"Podcast Papo de Galo &#8211; Programa 002 &#8211; Atendimento"}]},{"@type":"WebSite","@id":"https:\/\/alemdojob.ielusc.br\/#website","url":"https:\/\/alemdojob.ielusc.br\/","name":"Al\u00e9m do Job","description":"","publisher":{"@id":"https:\/\/alemdojob.ielusc.br\/#organization"},"potentialAction":[{"@type":"SearchAction","target":{"@type":"EntryPoint","urlTemplate":"https:\/\/alemdojob.ielusc.br\/?s={search_term_string}"},"query-input":"required name=search_term_string"}],"inLanguage":"pt-BR"},{"@type":"Organization","@id":"https:\/\/alemdojob.ielusc.br\/#organization","name":"Al\u00e9m do Job","url":"https:\/\/alemdojob.ielusc.br\/","logo":{"@type":"ImageObject","inLanguage":"pt-BR","@id":"https:\/\/alemdojob.ielusc.br\/#\/schema\/logo\/image\/","url":"https:\/\/alemdojob.ielusc.br\/wp-content\/uploads\/2018\/10\/cropped-Logo-Alem-do-Job-Final-e1538527573648-2.png","contentUrl":"https:\/\/alemdojob.ielusc.br\/wp-content\/uploads\/2018\/10\/cropped-Logo-Alem-do-Job-Final-e1538527573648-2.png","width":150,"height":150,"caption":"Al\u00e9m do Job"},"image":{"@id":"https:\/\/alemdojob.ielusc.br\/#\/schema\/logo\/image\/"}},{"@type":"Person","@id":"https:\/\/alemdojob.ielusc.br\/#\/schema\/person\/c4363c30a0c5759d6e165829cb7b7b96","name":"Carlos Castro","image":{"@type":"ImageObject","inLanguage":"pt-BR","@id":"https:\/\/alemdojob.ielusc.br\/#\/schema\/person\/image\/","url":"https:\/\/secure.gravatar.com\/avatar\/511931cb525b8ce300d1ab5bda99b3cc?s=96&d=mm&r=g","contentUrl":"https:\/\/secure.gravatar.com\/avatar\/511931cb525b8ce300d1ab5bda99b3cc?s=96&d=mm&r=g","caption":"Carlos Castro"},"description":"Carlos Castro. 21 anos. Trabalha como voz off para r\u00e1dios e ag\u00eancias. Al\u00e9m de ser f\u00e3 de m\u00fasica eletr\u00f4nica, curte muito estar nas baladas com seus amigos (pra ele s\u00e3o irm\u00e3os).","url":"https:\/\/alemdojob.ielusc.br\/index.php\/author\/carlos-castro\/"}]}},"_links":{"self":[{"href":"https:\/\/alemdojob.ielusc.br\/index.php\/wp-json\/wp\/v2\/posts\/334"}],"collection":[{"href":"https:\/\/alemdojob.ielusc.br\/index.php\/wp-json\/wp\/v2\/posts"}],"about":[{"href":"https:\/\/alemdojob.ielusc.br\/index.php\/wp-json\/wp\/v2\/types\/post"}],"author":[{"embeddable":true,"href":"https:\/\/alemdojob.ielusc.br\/index.php\/wp-json\/wp\/v2\/users\/7"}],"replies":[{"embeddable":true,"href":"https:\/\/alemdojob.ielusc.br\/index.php\/wp-json\/wp\/v2\/comments?post=334"}],"version-history":[{"count":3,"href":"https:\/\/alemdojob.ielusc.br\/index.php\/wp-json\/wp\/v2\/posts\/334\/revisions"}],"predecessor-version":[{"id":1526,"href":"https:\/\/alemdojob.ielusc.br\/index.php\/wp-json\/wp\/v2\/posts\/334\/revisions\/1526"}],"wp:featuredmedia":[{"embeddable":true,"href":"https:\/\/alemdojob.ielusc.br\/index.php\/wp-json\/wp\/v2\/media\/336"}],"wp:attachment":[{"href":"https:\/\/alemdojob.ielusc.br\/index.php\/wp-json\/wp\/v2\/media?parent=334"}],"wp:term":[{"taxonomy":"category","embeddable":true,"href":"https:\/\/alemdojob.ielusc.br\/index.php\/wp-json\/wp\/v2\/categories?post=334"},{"taxonomy":"post_tag","embeddable":true,"href":"https:\/\/alemdojob.ielusc.br\/index.php\/wp-json\/wp\/v2\/tags?post=334"}],"curies":[{"name":"wp","href":"https:\/\/api.w.org\/{rel}","templated":true}]}}