{"id":394,"date":"2018-11-01T16:04:53","date_gmt":"2018-11-01T19:04:53","guid":{"rendered":"http:\/\/alemdojob.ielusc.br\/?p=394"},"modified":"2018-11-07T18:24:44","modified_gmt":"2018-11-07T20:24:44","slug":"webserie-em-2-minutos-para-compartilhar-no-grupo-da-familia","status":"publish","type":"post","link":"https:\/\/alemdojob.ielusc.br\/index.php\/2018\/11\/01\/webserie-em-2-minutos-para-compartilhar-no-grupo-da-familia\/","title":{"rendered":"Webs\u00e9rie &#8220;Em 2 minutos&#8221;: para compartilhar no grupo da fam\u00edlia"},"content":{"rendered":"<p style=\"text-align: justify;\"><span style=\"font-weight: 400;\">Voc\u00ea sabe qual \u00e9 a real situa\u00e7\u00e3o da Venezuela? E para que servem os direitos humanos? O que de fato foi a ditadura? A webs\u00e9rie &#8220;Em 2 Minutos&#8221; vai esclarecer esses e outros assuntos que est\u00e3o circulando nas redes sociais e causando desinforma\u00e7\u00e3o.<\/span><\/p>\n<hr>\n<ul>\n<li><span style=\"color: #ff0000;\"><a style=\"color: #ff0000;\" href=\"http:\/\/alemdojob.ielusc.br\/index.php\/2018\/10\/19\/fake-news-o-que-voce-precisa-saber-pra-nao-ser-enganado-no-whatsapp\/\">Leia&nbsp;tamb\u00e9m<\/a><\/span> nosso conte\u00fado especial sobre fake news e elei\u00e7\u00f5es.<\/li>\n<\/ul>\n<hr>\n<ul>\n<li style=\"text-align: justify;\"><span style=\"font-weight: 600;\">Primeiro epis\u00f3dio: &#8220;<strong>Descobrindo Fake News em 2 Minutos<\/strong>&#8220;<\/span><\/li>\n<\/ul>\n<p><iframe loading=\"lazy\" src=\"https:\/\/www.youtube.com\/embed\/qrCXxpiSPiE\" width=\"600\" height=\"355\" frameborder=\"0\" allowfullscreen=\"allowfullscreen\"><\/iframe><\/p>\n<ul>\n<li><strong>Segundo epis\u00f3dio: &#8220;A crise na Venezuela em 2 minutos&#8221;<\/strong><\/li>\n<\/ul>\n<p><iframe loading=\"lazy\" src=\"https:\/\/www.youtube.com\/embed\/qA-kbJmxK5w\" width=\"600\" height=\"355\" frameborder=\"0\" allowfullscreen=\"allowfullscreen\"><span data-mce-type=\"bookmark\" style=\"display: inline-block; width: 0px; overflow: hidden; line-height: 0;\" class=\"mce_SELRES_start\">\ufeff<\/span><span data-mce-type=\"bookmark\" style=\"display: inline-block; width: 0px; overflow: hidden; line-height: 0;\" class=\"mce_SELRES_start\">\ufeff<\/span><span data-mce-type=\"bookmark\" style=\"display: inline-block; width: 0px; overflow: hidden; line-height: 0;\" class=\"mce_SELRES_start\">\ufeff<\/span><\/iframe><\/p>\n<ul>\n<li><strong>Terceiro epis\u00f3dio: &#8220;Direitos Humanos em 2 minutos&#8221;<\/strong><\/li>\n<\/ul>\n<p><iframe loading=\"lazy\" title=\"Epis\u00f3dio 3: Direitos Humanos em 2 Minutos\" width=\"750\" height=\"422\" src=\"https:\/\/www.youtube.com\/embed\/NYn4WPLfllc?feature=oembed\" frameborder=\"0\" allow=\"accelerometer; autoplay; clipboard-write; encrypted-media; gyroscope; picture-in-picture\" allowfullscreen><\/iframe><\/p>\n","protected":false},"excerpt":{"rendered":"<p>Voc\u00ea sabe qual \u00e9 a real situa\u00e7\u00e3o da Venezuela? E para que servem os direitos &hellip; <\/p>\n","protected":false},"author":2,"featured_media":400,"comment_status":"open","ping_status":"open","sticky":false,"template":"","format":"video","meta":{"_mi_skip_tracking":false,"_exactmetrics_sitenote_active":false,"_exactmetrics_sitenote_note":"","_exactmetrics_sitenote_category":0,"ngg_post_thumbnail":0,"footnotes":""},"categories":[1],"tags":[],"yoast_head":"<!-- This site is optimized with the Yoast SEO plugin v21.4 - https:\/\/yoast.com\/wordpress\/plugins\/seo\/ -->\n<title>Webs\u00e9rie &quot;Em 2 minutos&quot;: para compartilhar no grupo da fam\u00edlia - Al\u00e9m do Job<\/title>\n<meta name=\"robots\" content=\"index, follow, max-snippet:-1, max-image-preview:large, max-video-preview:-1\" \/>\n<link rel=\"canonical\" href=\"https:\/\/alemdojob.ielusc.br\/index.php\/2018\/11\/01\/webserie-em-2-minutos-para-compartilhar-no-grupo-da-familia\/\" \/>\n<meta property=\"og:locale\" content=\"pt_BR\" \/>\n<meta property=\"og:type\" content=\"article\" \/>\n<meta property=\"og:title\" content=\"Webs\u00e9rie &quot;Em 2 minutos&quot;: para compartilhar no grupo da fam\u00edlia - Al\u00e9m do Job\" \/>\n<meta property=\"og:description\" content=\"Voc\u00ea sabe qual \u00e9 a real situa\u00e7\u00e3o da Venezuela? E para que servem os direitos &hellip;\" \/>\n<meta property=\"og:url\" content=\"https:\/\/alemdojob.ielusc.br\/index.php\/2018\/11\/01\/webserie-em-2-minutos-para-compartilhar-no-grupo-da-familia\/\" \/>\n<meta property=\"og:site_name\" content=\"Al\u00e9m do Job\" \/>\n<meta property=\"article:published_time\" content=\"2018-11-01T19:04:53+00:00\" \/>\n<meta property=\"article:modified_time\" content=\"2018-11-07T20:24:44+00:00\" \/>\n<meta property=\"og:image\" content=\"https:\/\/alemdojob.ielusc.br\/wp-content\/uploads\/2018\/10\/doisminutos.png\" \/>\n\t<meta property=\"og:image:width\" content=\"981\" \/>\n\t<meta property=\"og:image:height\" content=\"497\" \/>\n\t<meta property=\"og:image:type\" content=\"image\/png\" \/>\n<meta name=\"author\" content=\"Livia\" \/>\n<meta name=\"twitter:card\" content=\"summary_large_image\" \/>\n<meta name=\"twitter:label1\" content=\"Escrito por\" \/>\n\t<meta name=\"twitter:data1\" content=\"Livia\" \/>\n<script type=\"application\/ld+json\" class=\"yoast-schema-graph\">{\"@context\":\"https:\/\/schema.org\",\"@graph\":[{\"@type\":\"Article\",\"@id\":\"https:\/\/alemdojob.ielusc.br\/index.php\/2018\/11\/01\/webserie-em-2-minutos-para-compartilhar-no-grupo-da-familia\/#article\",\"isPartOf\":{\"@id\":\"https:\/\/alemdojob.ielusc.br\/index.php\/2018\/11\/01\/webserie-em-2-minutos-para-compartilhar-no-grupo-da-familia\/\"},\"author\":{\"name\":\"Livia\",\"@id\":\"https:\/\/alemdojob.ielusc.br\/#\/schema\/person\/9179c3d2654545f29080d42ee2dcfe41\"},\"headline\":\"Webs\u00e9rie &#8220;Em 2 minutos&#8221;: para compartilhar no grupo da fam\u00edlia\",\"datePublished\":\"2018-11-01T19:04:53+00:00\",\"dateModified\":\"2018-11-07T20:24:44+00:00\",\"mainEntityOfPage\":{\"@id\":\"https:\/\/alemdojob.ielusc.br\/index.php\/2018\/11\/01\/webserie-em-2-minutos-para-compartilhar-no-grupo-da-familia\/\"},\"wordCount\":106,\"commentCount\":1,\"publisher\":{\"@id\":\"https:\/\/alemdojob.ielusc.br\/#organization\"},\"articleSection\":[\"Tend\u00eancias\"],\"inLanguage\":\"pt-BR\",\"potentialAction\":[{\"@type\":\"CommentAction\",\"name\":\"Comment\",\"target\":[\"https:\/\/alemdojob.ielusc.br\/index.php\/2018\/11\/01\/webserie-em-2-minutos-para-compartilhar-no-grupo-da-familia\/#respond\"]}]},{\"@type\":\"WebPage\",\"@id\":\"https:\/\/alemdojob.ielusc.br\/index.php\/2018\/11\/01\/webserie-em-2-minutos-para-compartilhar-no-grupo-da-familia\/\",\"url\":\"https:\/\/alemdojob.ielusc.br\/index.php\/2018\/11\/01\/webserie-em-2-minutos-para-compartilhar-no-grupo-da-familia\/\",\"name\":\"Webs\u00e9rie \\\"Em 2 minutos\\\": para compartilhar no grupo da fam\u00edlia - Al\u00e9m do Job\",\"isPartOf\":{\"@id\":\"https:\/\/alemdojob.ielusc.br\/#website\"},\"datePublished\":\"2018-11-01T19:04:53+00:00\",\"dateModified\":\"2018-11-07T20:24:44+00:00\",\"breadcrumb\":{\"@id\":\"https:\/\/alemdojob.ielusc.br\/index.php\/2018\/11\/01\/webserie-em-2-minutos-para-compartilhar-no-grupo-da-familia\/#breadcrumb\"},\"inLanguage\":\"pt-BR\",\"potentialAction\":[{\"@type\":\"ReadAction\",\"target\":[\"https:\/\/alemdojob.ielusc.br\/index.php\/2018\/11\/01\/webserie-em-2-minutos-para-compartilhar-no-grupo-da-familia\/\"]}]},{\"@type\":\"BreadcrumbList\",\"@id\":\"https:\/\/alemdojob.ielusc.br\/index.php\/2018\/11\/01\/webserie-em-2-minutos-para-compartilhar-no-grupo-da-familia\/#breadcrumb\",\"itemListElement\":[{\"@type\":\"ListItem\",\"position\":1,\"name\":\"Home\",\"item\":\"https:\/\/alemdojob.ielusc.br\/\"},{\"@type\":\"ListItem\",\"position\":2,\"name\":\"Webs\u00e9rie &#8220;Em 2 minutos&#8221;: para compartilhar no grupo da fam\u00edlia\"}]},{\"@type\":\"WebSite\",\"@id\":\"https:\/\/alemdojob.ielusc.br\/#website\",\"url\":\"https:\/\/alemdojob.ielusc.br\/\",\"name\":\"Al\u00e9m do Job\",\"description\":\"\",\"publisher\":{\"@id\":\"https:\/\/alemdojob.ielusc.br\/#organization\"},\"potentialAction\":[{\"@type\":\"SearchAction\",\"target\":{\"@type\":\"EntryPoint\",\"urlTemplate\":\"https:\/\/alemdojob.ielusc.br\/?s={search_term_string}\"},\"query-input\":\"required name=search_term_string\"}],\"inLanguage\":\"pt-BR\"},{\"@type\":\"Organization\",\"@id\":\"https:\/\/alemdojob.ielusc.br\/#organization\",\"name\":\"Al\u00e9m do Job\",\"url\":\"https:\/\/alemdojob.ielusc.br\/\",\"logo\":{\"@type\":\"ImageObject\",\"inLanguage\":\"pt-BR\",\"@id\":\"https:\/\/alemdojob.ielusc.br\/#\/schema\/logo\/image\/\",\"url\":\"https:\/\/alemdojob.ielusc.br\/wp-content\/uploads\/2018\/10\/cropped-Logo-Alem-do-Job-Final-e1538527573648-2.png\",\"contentUrl\":\"https:\/\/alemdojob.ielusc.br\/wp-content\/uploads\/2018\/10\/cropped-Logo-Alem-do-Job-Final-e1538527573648-2.png\",\"width\":150,\"height\":150,\"caption\":\"Al\u00e9m do Job\"},\"image\":{\"@id\":\"https:\/\/alemdojob.ielusc.br\/#\/schema\/logo\/image\/\"}},{\"@type\":\"Person\",\"@id\":\"https:\/\/alemdojob.ielusc.br\/#\/schema\/person\/9179c3d2654545f29080d42ee2dcfe41\",\"name\":\"Livia\",\"image\":{\"@type\":\"ImageObject\",\"inLanguage\":\"pt-BR\",\"@id\":\"https:\/\/alemdojob.ielusc.br\/#\/schema\/person\/image\/\",\"url\":\"https:\/\/secure.gravatar.com\/avatar\/85a5a5ca7428f1b6bad1d9ea10453f5e?s=96&d=mm&r=g\",\"contentUrl\":\"https:\/\/secure.gravatar.com\/avatar\/85a5a5ca7428f1b6bad1d9ea10453f5e?s=96&d=mm&r=g\",\"caption\":\"Livia\"},\"url\":\"https:\/\/alemdojob.ielusc.br\/index.php\/author\/livia\/\"}]}<\/script>\n<!-- \/ Yoast SEO plugin. -->","yoast_head_json":{"title":"Webs\u00e9rie \"Em 2 minutos\": para compartilhar no grupo da fam\u00edlia - Al\u00e9m do Job","robots":{"index":"index","follow":"follow","max-snippet":"max-snippet:-1","max-image-preview":"max-image-preview:large","max-video-preview":"max-video-preview:-1"},"canonical":"https:\/\/alemdojob.ielusc.br\/index.php\/2018\/11\/01\/webserie-em-2-minutos-para-compartilhar-no-grupo-da-familia\/","og_locale":"pt_BR","og_type":"article","og_title":"Webs\u00e9rie \"Em 2 minutos\": para compartilhar no grupo da fam\u00edlia - Al\u00e9m do Job","og_description":"Voc\u00ea sabe qual \u00e9 a real situa\u00e7\u00e3o da Venezuela? E para que servem os direitos &hellip;","og_url":"https:\/\/alemdojob.ielusc.br\/index.php\/2018\/11\/01\/webserie-em-2-minutos-para-compartilhar-no-grupo-da-familia\/","og_site_name":"Al\u00e9m do Job","article_published_time":"2018-11-01T19:04:53+00:00","article_modified_time":"2018-11-07T20:24:44+00:00","og_image":[{"width":981,"height":497,"url":"https:\/\/alemdojob.ielusc.br\/wp-content\/uploads\/2018\/10\/doisminutos.png","type":"image\/png"}],"author":"Livia","twitter_card":"summary_large_image","twitter_misc":{"Escrito por":"Livia"},"schema":{"@context":"https:\/\/schema.org","@graph":[{"@type":"Article","@id":"https:\/\/alemdojob.ielusc.br\/index.php\/2018\/11\/01\/webserie-em-2-minutos-para-compartilhar-no-grupo-da-familia\/#article","isPartOf":{"@id":"https:\/\/alemdojob.ielusc.br\/index.php\/2018\/11\/01\/webserie-em-2-minutos-para-compartilhar-no-grupo-da-familia\/"},"author":{"name":"Livia","@id":"https:\/\/alemdojob.ielusc.br\/#\/schema\/person\/9179c3d2654545f29080d42ee2dcfe41"},"headline":"Webs\u00e9rie &#8220;Em 2 minutos&#8221;: para compartilhar no grupo da fam\u00edlia","datePublished":"2018-11-01T19:04:53+00:00","dateModified":"2018-11-07T20:24:44+00:00","mainEntityOfPage":{"@id":"https:\/\/alemdojob.ielusc.br\/index.php\/2018\/11\/01\/webserie-em-2-minutos-para-compartilhar-no-grupo-da-familia\/"},"wordCount":106,"commentCount":1,"publisher":{"@id":"https:\/\/alemdojob.ielusc.br\/#organization"},"articleSection":["Tend\u00eancias"],"inLanguage":"pt-BR","potentialAction":[{"@type":"CommentAction","name":"Comment","target":["https:\/\/alemdojob.ielusc.br\/index.php\/2018\/11\/01\/webserie-em-2-minutos-para-compartilhar-no-grupo-da-familia\/#respond"]}]},{"@type":"WebPage","@id":"https:\/\/alemdojob.ielusc.br\/index.php\/2018\/11\/01\/webserie-em-2-minutos-para-compartilhar-no-grupo-da-familia\/","url":"https:\/\/alemdojob.ielusc.br\/index.php\/2018\/11\/01\/webserie-em-2-minutos-para-compartilhar-no-grupo-da-familia\/","name":"Webs\u00e9rie \"Em 2 minutos\": para compartilhar no grupo da fam\u00edlia - Al\u00e9m do Job","isPartOf":{"@id":"https:\/\/alemdojob.ielusc.br\/#website"},"datePublished":"2018-11-01T19:04:53+00:00","dateModified":"2018-11-07T20:24:44+00:00","breadcrumb":{"@id":"https:\/\/alemdojob.ielusc.br\/index.php\/2018\/11\/01\/webserie-em-2-minutos-para-compartilhar-no-grupo-da-familia\/#breadcrumb"},"inLanguage":"pt-BR","potentialAction":[{"@type":"ReadAction","target":["https:\/\/alemdojob.ielusc.br\/index.php\/2018\/11\/01\/webserie-em-2-minutos-para-compartilhar-no-grupo-da-familia\/"]}]},{"@type":"BreadcrumbList","@id":"https:\/\/alemdojob.ielusc.br\/index.php\/2018\/11\/01\/webserie-em-2-minutos-para-compartilhar-no-grupo-da-familia\/#breadcrumb","itemListElement":[{"@type":"ListItem","position":1,"name":"Home","item":"https:\/\/alemdojob.ielusc.br\/"},{"@type":"ListItem","position":2,"name":"Webs\u00e9rie &#8220;Em 2 minutos&#8221;: para compartilhar no grupo da fam\u00edlia"}]},{"@type":"WebSite","@id":"https:\/\/alemdojob.ielusc.br\/#website","url":"https:\/\/alemdojob.ielusc.br\/","name":"Al\u00e9m do Job","description":"","publisher":{"@id":"https:\/\/alemdojob.ielusc.br\/#organization"},"potentialAction":[{"@type":"SearchAction","target":{"@type":"EntryPoint","urlTemplate":"https:\/\/alemdojob.ielusc.br\/?s={search_term_string}"},"query-input":"required name=search_term_string"}],"inLanguage":"pt-BR"},{"@type":"Organization","@id":"https:\/\/alemdojob.ielusc.br\/#organization","name":"Al\u00e9m do Job","url":"https:\/\/alemdojob.ielusc.br\/","logo":{"@type":"ImageObject","inLanguage":"pt-BR","@id":"https:\/\/alemdojob.ielusc.br\/#\/schema\/logo\/image\/","url":"https:\/\/alemdojob.ielusc.br\/wp-content\/uploads\/2018\/10\/cropped-Logo-Alem-do-Job-Final-e1538527573648-2.png","contentUrl":"https:\/\/alemdojob.ielusc.br\/wp-content\/uploads\/2018\/10\/cropped-Logo-Alem-do-Job-Final-e1538527573648-2.png","width":150,"height":150,"caption":"Al\u00e9m do Job"},"image":{"@id":"https:\/\/alemdojob.ielusc.br\/#\/schema\/logo\/image\/"}},{"@type":"Person","@id":"https:\/\/alemdojob.ielusc.br\/#\/schema\/person\/9179c3d2654545f29080d42ee2dcfe41","name":"Livia","image":{"@type":"ImageObject","inLanguage":"pt-BR","@id":"https:\/\/alemdojob.ielusc.br\/#\/schema\/person\/image\/","url":"https:\/\/secure.gravatar.com\/avatar\/85a5a5ca7428f1b6bad1d9ea10453f5e?s=96&d=mm&r=g","contentUrl":"https:\/\/secure.gravatar.com\/avatar\/85a5a5ca7428f1b6bad1d9ea10453f5e?s=96&d=mm&r=g","caption":"Livia"},"url":"https:\/\/alemdojob.ielusc.br\/index.php\/author\/livia\/"}]}},"_links":{"self":[{"href":"https:\/\/alemdojob.ielusc.br\/index.php\/wp-json\/wp\/v2\/posts\/394"}],"collection":[{"href":"https:\/\/alemdojob.ielusc.br\/index.php\/wp-json\/wp\/v2\/posts"}],"about":[{"href":"https:\/\/alemdojob.ielusc.br\/index.php\/wp-json\/wp\/v2\/types\/post"}],"author":[{"embeddable":true,"href":"https:\/\/alemdojob.ielusc.br\/index.php\/wp-json\/wp\/v2\/users\/2"}],"replies":[{"embeddable":true,"href":"https:\/\/alemdojob.ielusc.br\/index.php\/wp-json\/wp\/v2\/comments?post=394"}],"version-history":[{"count":10,"href":"https:\/\/alemdojob.ielusc.br\/index.php\/wp-json\/wp\/v2\/posts\/394\/revisions"}],"predecessor-version":[{"id":515,"href":"https:\/\/alemdojob.ielusc.br\/index.php\/wp-json\/wp\/v2\/posts\/394\/revisions\/515"}],"wp:featuredmedia":[{"embeddable":true,"href":"https:\/\/alemdojob.ielusc.br\/index.php\/wp-json\/wp\/v2\/media\/400"}],"wp:attachment":[{"href":"https:\/\/alemdojob.ielusc.br\/index.php\/wp-json\/wp\/v2\/media?parent=394"}],"wp:term":[{"taxonomy":"category","embeddable":true,"href":"https:\/\/alemdojob.ielusc.br\/index.php\/wp-json\/wp\/v2\/categories?post=394"},{"taxonomy":"post_tag","embeddable":true,"href":"https:\/\/alemdojob.ielusc.br\/index.php\/wp-json\/wp\/v2\/tags?post=394"}],"curies":[{"name":"wp","href":"https:\/\/api.w.org\/{rel}","templated":true}]}}