{"id":486,"date":"2018-11-08T19:51:56","date_gmt":"2018-11-08T21:51:56","guid":{"rendered":"http:\/\/alemdojob.ielusc.br\/?p=486"},"modified":"2018-11-11T15:53:18","modified_gmt":"2018-11-11T17:53:18","slug":"descolado-ou-nerd-quem-e-o-atendimento","status":"publish","type":"post","link":"https:\/\/alemdojob.ielusc.br\/index.php\/2018\/11\/08\/descolado-ou-nerd-quem-e-o-atendimento\/","title":{"rendered":"Descolado ou nerd. Quem \u00e9 o atendimento publicit\u00e1rio?"},"content":{"rendered":"<p><strong>Qual o perfil do atendimento? <\/strong><\/p>\n<p><span style=\"font-weight: 400;\">Cabelo colorido e suspens\u00f3rio, saia l\u00e1pis e salto agulha? No atendimento \u00e9 comum vermos pessoas com todos os estilos, isso vai depender exatamente do tipo de cliente que voc\u00ea ir\u00e1 atender. \u00c9 claro que nosso papel como atendimento \u00e9 vender comunica\u00e7\u00e3o, mas antes, temos que nos vender.<\/span><\/p>\n<p><span style=\"font-weight: 400;\">&nbsp;No nosso ramo, precisamos ser coerentes com quem estamos falando, atualmente tem muita gente descendo do salto alto, no bom sentido, para se aproximar do cliente real, ou seja, nem sempre voc\u00ea ir\u00e1 atender uma corpora\u00e7\u00e3o cheia de engravatados. Poder vestir sua personalidade o ajudar\u00e1 a alcan\u00e7ar outras empresas que querem sentir mais proximidade com o estilo de neg\u00f3cio e o seu estilo de vida. <\/span><\/p>\n<p>No post anterior descobrimos que o atendimento tamb\u00e9m \u00e9 o elo entre a ag\u00eancia e cliente. Por isso n\u00e3o se engane, <strong>o profissional de atendimento tem que ter muito \u201cjogo de cintura\u201d<\/strong>, para equilibrar os dois lados da moeda.<\/p>\n<p>&nbsp; &nbsp;<img decoding=\"async\" loading=\"lazy\" class=\"aligncenter\" src=\"https:\/\/media.giphy.com\/media\/ei7Sliiz5Zn4A\/giphy.gif\" width=\"486\" height=\"268\"><\/p>\n<p><b>Al\u00e9m de uma boa conversa e uma \u00f3tima negocia\u00e7\u00e3o, quais outras qualidades formam um bom atendimento publicit\u00e1rio?<\/b><\/p>\n<p><span style=\"font-weight: 400;\">O atendimento precisa principalmente dominar o assunto (cliente). Mas para que isso aconte\u00e7a, &nbsp;primeiro precisa entend\u00ea-lo e estud\u00e1-lo. Decifrar o cliente \u00e9 um dos deveres do atendimento e isso inclui ler as \u201centrelinhas\u201d. Mas tamb\u00e9m \u00e9 muito importante transmitir a informa\u00e7\u00e3o que recebe da melhor forma poss\u00edvel.<\/span><\/p>\n<p><strong>Que responsa hein\u2026<\/strong><\/p>\n<p><span style=\"font-weight: 400;\">Saber lidar com adversidades tamb\u00e9m \u00e9 papel do atendimento. \u00c9 nessas horas que conhecemos o bom e velho \u201cjogo de cintura\u201d que junto com toda informa\u00e7\u00e3o coletada do seu cliente formam um bom atendimento.<\/span><\/p>\n<p><span style=\"font-weight: 400;\">Conclu\u00edmos que atendimento deve ser perspicaz. &nbsp;Ent\u00e3o o certo \u00e9 dizer:&nbsp;<\/span><b>\u201c de nerd a descolado, todo atendimento tem um pouco\u201d.<\/b><\/p>\n<p>&nbsp;<\/p>\n<p><span style=\"font-weight: 400;\">Fiquem ligados no nosso pr\u00f3ximo post&#8230;<\/span><\/p>\n<p><b>Atendimento, AL\u00d4?!<\/b><\/p>\n<p><b>Como realizar o atendimento na ag\u00eancia de publicidade.<\/b><\/p>\n","protected":false},"excerpt":{"rendered":"<p>Qual o perfil do atendimento? Cabelo colorido e suspens\u00f3rio, saia l\u00e1pis e salto agulha? No &hellip; <\/p>\n","protected":false},"author":14,"featured_media":487,"comment_status":"open","ping_status":"open","sticky":false,"template":"","format":"standard","meta":{"_mi_skip_tracking":false,"_exactmetrics_sitenote_active":false,"_exactmetrics_sitenote_note":"","_exactmetrics_sitenote_category":0,"ngg_post_thumbnail":0,"footnotes":""},"categories":[1],"tags":[],"yoast_head":"<!-- This site is optimized with the Yoast SEO plugin v21.4 - https:\/\/yoast.com\/wordpress\/plugins\/seo\/ -->\n<title>Descolado ou nerd. Quem \u00e9 o atendimento publicit\u00e1rio? - Al\u00e9m do Job<\/title>\n<meta name=\"robots\" content=\"index, follow, max-snippet:-1, max-image-preview:large, max-video-preview:-1\" \/>\n<link rel=\"canonical\" href=\"https:\/\/alemdojob.ielusc.br\/index.php\/2018\/11\/08\/descolado-ou-nerd-quem-e-o-atendimento\/\" \/>\n<meta property=\"og:locale\" content=\"pt_BR\" \/>\n<meta property=\"og:type\" content=\"article\" \/>\n<meta property=\"og:title\" content=\"Descolado ou nerd. Quem \u00e9 o atendimento publicit\u00e1rio? - Al\u00e9m do Job\" \/>\n<meta property=\"og:description\" content=\"Qual o perfil do atendimento? Cabelo colorido e suspens\u00f3rio, saia l\u00e1pis e salto agulha? No &hellip;\" \/>\n<meta property=\"og:url\" content=\"https:\/\/alemdojob.ielusc.br\/index.php\/2018\/11\/08\/descolado-ou-nerd-quem-e-o-atendimento\/\" \/>\n<meta property=\"og:site_name\" content=\"Al\u00e9m do Job\" \/>\n<meta property=\"article:published_time\" content=\"2018-11-08T21:51:56+00:00\" \/>\n<meta property=\"article:modified_time\" content=\"2018-11-11T17:53:18+00:00\" \/>\n<meta property=\"og:image\" content=\"https:\/\/alemdojob.ielusc.br\/wp-content\/uploads\/2018\/11\/Sem-T\u00edtulo-1.png\" \/>\n\t<meta property=\"og:image:width\" content=\"1024\" \/>\n\t<meta property=\"og:image:height\" content=\"582\" \/>\n\t<meta property=\"og:image:type\" content=\"image\/png\" \/>\n<meta name=\"author\" content=\"Vanessa Bucoski\" \/>\n<meta name=\"twitter:card\" content=\"summary_large_image\" \/>\n<meta name=\"twitter:label1\" content=\"Escrito por\" \/>\n\t<meta name=\"twitter:data1\" content=\"Vanessa Bucoski\" \/>\n\t<meta name=\"twitter:label2\" content=\"Est. tempo de leitura\" \/>\n\t<meta name=\"twitter:data2\" content=\"2 minutos\" \/>\n<script type=\"application\/ld+json\" class=\"yoast-schema-graph\">{\"@context\":\"https:\/\/schema.org\",\"@graph\":[{\"@type\":\"Article\",\"@id\":\"https:\/\/alemdojob.ielusc.br\/index.php\/2018\/11\/08\/descolado-ou-nerd-quem-e-o-atendimento\/#article\",\"isPartOf\":{\"@id\":\"https:\/\/alemdojob.ielusc.br\/index.php\/2018\/11\/08\/descolado-ou-nerd-quem-e-o-atendimento\/\"},\"author\":{\"name\":\"Vanessa Bucoski\",\"@id\":\"https:\/\/alemdojob.ielusc.br\/#\/schema\/person\/69067ea8a3822642e8fcd38d0c01cc78\"},\"headline\":\"Descolado ou nerd. Quem \u00e9 o atendimento publicit\u00e1rio?\",\"datePublished\":\"2018-11-08T21:51:56+00:00\",\"dateModified\":\"2018-11-11T17:53:18+00:00\",\"mainEntityOfPage\":{\"@id\":\"https:\/\/alemdojob.ielusc.br\/index.php\/2018\/11\/08\/descolado-ou-nerd-quem-e-o-atendimento\/\"},\"wordCount\":323,\"commentCount\":0,\"publisher\":{\"@id\":\"https:\/\/alemdojob.ielusc.br\/#organization\"},\"articleSection\":[\"Tend\u00eancias\"],\"inLanguage\":\"pt-BR\",\"potentialAction\":[{\"@type\":\"CommentAction\",\"name\":\"Comment\",\"target\":[\"https:\/\/alemdojob.ielusc.br\/index.php\/2018\/11\/08\/descolado-ou-nerd-quem-e-o-atendimento\/#respond\"]}]},{\"@type\":\"WebPage\",\"@id\":\"https:\/\/alemdojob.ielusc.br\/index.php\/2018\/11\/08\/descolado-ou-nerd-quem-e-o-atendimento\/\",\"url\":\"https:\/\/alemdojob.ielusc.br\/index.php\/2018\/11\/08\/descolado-ou-nerd-quem-e-o-atendimento\/\",\"name\":\"Descolado ou nerd. Quem \u00e9 o atendimento publicit\u00e1rio? - Al\u00e9m do Job\",\"isPartOf\":{\"@id\":\"https:\/\/alemdojob.ielusc.br\/#website\"},\"datePublished\":\"2018-11-08T21:51:56+00:00\",\"dateModified\":\"2018-11-11T17:53:18+00:00\",\"breadcrumb\":{\"@id\":\"https:\/\/alemdojob.ielusc.br\/index.php\/2018\/11\/08\/descolado-ou-nerd-quem-e-o-atendimento\/#breadcrumb\"},\"inLanguage\":\"pt-BR\",\"potentialAction\":[{\"@type\":\"ReadAction\",\"target\":[\"https:\/\/alemdojob.ielusc.br\/index.php\/2018\/11\/08\/descolado-ou-nerd-quem-e-o-atendimento\/\"]}]},{\"@type\":\"BreadcrumbList\",\"@id\":\"https:\/\/alemdojob.ielusc.br\/index.php\/2018\/11\/08\/descolado-ou-nerd-quem-e-o-atendimento\/#breadcrumb\",\"itemListElement\":[{\"@type\":\"ListItem\",\"position\":1,\"name\":\"Home\",\"item\":\"https:\/\/alemdojob.ielusc.br\/\"},{\"@type\":\"ListItem\",\"position\":2,\"name\":\"Descolado ou nerd. Quem \u00e9 o atendimento publicit\u00e1rio?\"}]},{\"@type\":\"WebSite\",\"@id\":\"https:\/\/alemdojob.ielusc.br\/#website\",\"url\":\"https:\/\/alemdojob.ielusc.br\/\",\"name\":\"Al\u00e9m do Job\",\"description\":\"\",\"publisher\":{\"@id\":\"https:\/\/alemdojob.ielusc.br\/#organization\"},\"potentialAction\":[{\"@type\":\"SearchAction\",\"target\":{\"@type\":\"EntryPoint\",\"urlTemplate\":\"https:\/\/alemdojob.ielusc.br\/?s={search_term_string}\"},\"query-input\":\"required name=search_term_string\"}],\"inLanguage\":\"pt-BR\"},{\"@type\":\"Organization\",\"@id\":\"https:\/\/alemdojob.ielusc.br\/#organization\",\"name\":\"Al\u00e9m do Job\",\"url\":\"https:\/\/alemdojob.ielusc.br\/\",\"logo\":{\"@type\":\"ImageObject\",\"inLanguage\":\"pt-BR\",\"@id\":\"https:\/\/alemdojob.ielusc.br\/#\/schema\/logo\/image\/\",\"url\":\"https:\/\/alemdojob.ielusc.br\/wp-content\/uploads\/2018\/10\/cropped-Logo-Alem-do-Job-Final-e1538527573648-2.png\",\"contentUrl\":\"https:\/\/alemdojob.ielusc.br\/wp-content\/uploads\/2018\/10\/cropped-Logo-Alem-do-Job-Final-e1538527573648-2.png\",\"width\":150,\"height\":150,\"caption\":\"Al\u00e9m do Job\"},\"image\":{\"@id\":\"https:\/\/alemdojob.ielusc.br\/#\/schema\/logo\/image\/\"}},{\"@type\":\"Person\",\"@id\":\"https:\/\/alemdojob.ielusc.br\/#\/schema\/person\/69067ea8a3822642e8fcd38d0c01cc78\",\"name\":\"Vanessa Bucoski\",\"image\":{\"@type\":\"ImageObject\",\"inLanguage\":\"pt-BR\",\"@id\":\"https:\/\/alemdojob.ielusc.br\/#\/schema\/person\/image\/\",\"url\":\"https:\/\/secure.gravatar.com\/avatar\/f88c580ab6e72d09e19d744a331b6d8a?s=96&d=mm&r=g\",\"contentUrl\":\"https:\/\/secure.gravatar.com\/avatar\/f88c580ab6e72d09e19d744a331b6d8a?s=96&d=mm&r=g\",\"caption\":\"Vanessa Bucoski\"},\"url\":\"https:\/\/alemdojob.ielusc.br\/index.php\/author\/vanessa\/\"}]}<\/script>\n<!-- \/ Yoast SEO plugin. -->","yoast_head_json":{"title":"Descolado ou nerd. Quem \u00e9 o atendimento publicit\u00e1rio? - Al\u00e9m do Job","robots":{"index":"index","follow":"follow","max-snippet":"max-snippet:-1","max-image-preview":"max-image-preview:large","max-video-preview":"max-video-preview:-1"},"canonical":"https:\/\/alemdojob.ielusc.br\/index.php\/2018\/11\/08\/descolado-ou-nerd-quem-e-o-atendimento\/","og_locale":"pt_BR","og_type":"article","og_title":"Descolado ou nerd. Quem \u00e9 o atendimento publicit\u00e1rio? - Al\u00e9m do Job","og_description":"Qual o perfil do atendimento? Cabelo colorido e suspens\u00f3rio, saia l\u00e1pis e salto agulha? No &hellip;","og_url":"https:\/\/alemdojob.ielusc.br\/index.php\/2018\/11\/08\/descolado-ou-nerd-quem-e-o-atendimento\/","og_site_name":"Al\u00e9m do Job","article_published_time":"2018-11-08T21:51:56+00:00","article_modified_time":"2018-11-11T17:53:18+00:00","og_image":[{"width":1024,"height":582,"url":"https:\/\/alemdojob.ielusc.br\/wp-content\/uploads\/2018\/11\/Sem-T\u00edtulo-1.png","type":"image\/png"}],"author":"Vanessa Bucoski","twitter_card":"summary_large_image","twitter_misc":{"Escrito por":"Vanessa Bucoski","Est. tempo de leitura":"2 minutos"},"schema":{"@context":"https:\/\/schema.org","@graph":[{"@type":"Article","@id":"https:\/\/alemdojob.ielusc.br\/index.php\/2018\/11\/08\/descolado-ou-nerd-quem-e-o-atendimento\/#article","isPartOf":{"@id":"https:\/\/alemdojob.ielusc.br\/index.php\/2018\/11\/08\/descolado-ou-nerd-quem-e-o-atendimento\/"},"author":{"name":"Vanessa Bucoski","@id":"https:\/\/alemdojob.ielusc.br\/#\/schema\/person\/69067ea8a3822642e8fcd38d0c01cc78"},"headline":"Descolado ou nerd. Quem \u00e9 o atendimento publicit\u00e1rio?","datePublished":"2018-11-08T21:51:56+00:00","dateModified":"2018-11-11T17:53:18+00:00","mainEntityOfPage":{"@id":"https:\/\/alemdojob.ielusc.br\/index.php\/2018\/11\/08\/descolado-ou-nerd-quem-e-o-atendimento\/"},"wordCount":323,"commentCount":0,"publisher":{"@id":"https:\/\/alemdojob.ielusc.br\/#organization"},"articleSection":["Tend\u00eancias"],"inLanguage":"pt-BR","potentialAction":[{"@type":"CommentAction","name":"Comment","target":["https:\/\/alemdojob.ielusc.br\/index.php\/2018\/11\/08\/descolado-ou-nerd-quem-e-o-atendimento\/#respond"]}]},{"@type":"WebPage","@id":"https:\/\/alemdojob.ielusc.br\/index.php\/2018\/11\/08\/descolado-ou-nerd-quem-e-o-atendimento\/","url":"https:\/\/alemdojob.ielusc.br\/index.php\/2018\/11\/08\/descolado-ou-nerd-quem-e-o-atendimento\/","name":"Descolado ou nerd. Quem \u00e9 o atendimento publicit\u00e1rio? - Al\u00e9m do Job","isPartOf":{"@id":"https:\/\/alemdojob.ielusc.br\/#website"},"datePublished":"2018-11-08T21:51:56+00:00","dateModified":"2018-11-11T17:53:18+00:00","breadcrumb":{"@id":"https:\/\/alemdojob.ielusc.br\/index.php\/2018\/11\/08\/descolado-ou-nerd-quem-e-o-atendimento\/#breadcrumb"},"inLanguage":"pt-BR","potentialAction":[{"@type":"ReadAction","target":["https:\/\/alemdojob.ielusc.br\/index.php\/2018\/11\/08\/descolado-ou-nerd-quem-e-o-atendimento\/"]}]},{"@type":"BreadcrumbList","@id":"https:\/\/alemdojob.ielusc.br\/index.php\/2018\/11\/08\/descolado-ou-nerd-quem-e-o-atendimento\/#breadcrumb","itemListElement":[{"@type":"ListItem","position":1,"name":"Home","item":"https:\/\/alemdojob.ielusc.br\/"},{"@type":"ListItem","position":2,"name":"Descolado ou nerd. Quem \u00e9 o atendimento publicit\u00e1rio?"}]},{"@type":"WebSite","@id":"https:\/\/alemdojob.ielusc.br\/#website","url":"https:\/\/alemdojob.ielusc.br\/","name":"Al\u00e9m do Job","description":"","publisher":{"@id":"https:\/\/alemdojob.ielusc.br\/#organization"},"potentialAction":[{"@type":"SearchAction","target":{"@type":"EntryPoint","urlTemplate":"https:\/\/alemdojob.ielusc.br\/?s={search_term_string}"},"query-input":"required name=search_term_string"}],"inLanguage":"pt-BR"},{"@type":"Organization","@id":"https:\/\/alemdojob.ielusc.br\/#organization","name":"Al\u00e9m do Job","url":"https:\/\/alemdojob.ielusc.br\/","logo":{"@type":"ImageObject","inLanguage":"pt-BR","@id":"https:\/\/alemdojob.ielusc.br\/#\/schema\/logo\/image\/","url":"https:\/\/alemdojob.ielusc.br\/wp-content\/uploads\/2018\/10\/cropped-Logo-Alem-do-Job-Final-e1538527573648-2.png","contentUrl":"https:\/\/alemdojob.ielusc.br\/wp-content\/uploads\/2018\/10\/cropped-Logo-Alem-do-Job-Final-e1538527573648-2.png","width":150,"height":150,"caption":"Al\u00e9m do Job"},"image":{"@id":"https:\/\/alemdojob.ielusc.br\/#\/schema\/logo\/image\/"}},{"@type":"Person","@id":"https:\/\/alemdojob.ielusc.br\/#\/schema\/person\/69067ea8a3822642e8fcd38d0c01cc78","name":"Vanessa Bucoski","image":{"@type":"ImageObject","inLanguage":"pt-BR","@id":"https:\/\/alemdojob.ielusc.br\/#\/schema\/person\/image\/","url":"https:\/\/secure.gravatar.com\/avatar\/f88c580ab6e72d09e19d744a331b6d8a?s=96&d=mm&r=g","contentUrl":"https:\/\/secure.gravatar.com\/avatar\/f88c580ab6e72d09e19d744a331b6d8a?s=96&d=mm&r=g","caption":"Vanessa Bucoski"},"url":"https:\/\/alemdojob.ielusc.br\/index.php\/author\/vanessa\/"}]}},"_links":{"self":[{"href":"https:\/\/alemdojob.ielusc.br\/index.php\/wp-json\/wp\/v2\/posts\/486"}],"collection":[{"href":"https:\/\/alemdojob.ielusc.br\/index.php\/wp-json\/wp\/v2\/posts"}],"about":[{"href":"https:\/\/alemdojob.ielusc.br\/index.php\/wp-json\/wp\/v2\/types\/post"}],"author":[{"embeddable":true,"href":"https:\/\/alemdojob.ielusc.br\/index.php\/wp-json\/wp\/v2\/users\/14"}],"replies":[{"embeddable":true,"href":"https:\/\/alemdojob.ielusc.br\/index.php\/wp-json\/wp\/v2\/comments?post=486"}],"version-history":[{"count":3,"href":"https:\/\/alemdojob.ielusc.br\/index.php\/wp-json\/wp\/v2\/posts\/486\/revisions"}],"predecessor-version":[{"id":522,"href":"https:\/\/alemdojob.ielusc.br\/index.php\/wp-json\/wp\/v2\/posts\/486\/revisions\/522"}],"wp:featuredmedia":[{"embeddable":true,"href":"https:\/\/alemdojob.ielusc.br\/index.php\/wp-json\/wp\/v2\/media\/487"}],"wp:attachment":[{"href":"https:\/\/alemdojob.ielusc.br\/index.php\/wp-json\/wp\/v2\/media?parent=486"}],"wp:term":[{"taxonomy":"category","embeddable":true,"href":"https:\/\/alemdojob.ielusc.br\/index.php\/wp-json\/wp\/v2\/categories?post=486"},{"taxonomy":"post_tag","embeddable":true,"href":"https:\/\/alemdojob.ielusc.br\/index.php\/wp-json\/wp\/v2\/tags?post=486"}],"curies":[{"name":"wp","href":"https:\/\/api.w.org\/{rel}","templated":true}]}}