{"id":599,"date":"2019-03-27T22:33:14","date_gmt":"2019-03-28T01:33:14","guid":{"rendered":"http:\/\/alemdojob.ielusc.br\/?p=599"},"modified":"2019-04-03T21:47:00","modified_gmt":"2019-04-04T00:47:00","slug":"como-ser-um-e-commerce-multipotencial","status":"publish","type":"post","link":"https:\/\/alemdojob.ielusc.br\/index.php\/2019\/03\/27\/como-ser-um-e-commerce-multipotencial\/","title":{"rendered":"Como ser um e-commerce multipotencial ?"},"content":{"rendered":"<p><span style=\"font-weight: 400;\">Voc\u00ea deve estar se perguntando porque deveria investir em atender a p\u00fablicos espec\u00edficos com uma gama diversificada de produtos se pode focar em um s\u00f3 e se especializar em venda do mesmo, pois afinal quem quer fazer muito e agradar a todos acaba n\u00e3o fazendo nada e n\u00e3o agradando ningu\u00e9m certo?&nbsp;<\/span><\/p>\n<p>&nbsp;<\/p>\n<p><img decoding=\"async\" loading=\"lazy\" class=\" aligncenter\" src=\"http:\/\/media.giphy.com\/media\/g69ZPJfLy7hD2\/giphy.gif\" width=\"273\" height=\"273\"><span style=\"font-weight: 400;\"><strong>Errado<\/strong>.<\/span><\/p>\n<p>&nbsp;<\/p>\n<p><span style=\"font-weight: 400;\">Voc\u00ea j\u00e1 ouviu falar sobre multipotencialidade ? No conceito bem espec\u00edfico da palavra, multipotencialidade \u00e9 a capacidade de ter mais de um potencial isso se referindo para pessoas, agora tra\u00e7ando um paralelo para o mundo&nbsp; e-commerce podemos aplicar como um que atenda a diversos p\u00fablicos devido a sua grande variedade de produtos, e n\u00f3s estamos aqui pra te mostrar que se voc\u00ea tem um e-commerce e n\u00e3o sabe ainda como ampliar o seu neg\u00f3cio talvez esse post fa\u00e7a sentido nesse momento para voc\u00ea.<\/span><\/p>\n<p>&nbsp;<\/p>\n<p><b>OFERE\u00c7A O QUE NENHUM OUTRO OFERECE<\/b><\/p>\n<figure id=\"attachment_685\" aria-describedby=\"caption-attachment-685\" style=\"width: 300px\" class=\"wp-caption alignright\"><img decoding=\"async\" loading=\"lazy\" class=\"size-medium wp-image-685\" src=\"http:\/\/alemdojob.ielusc.br\/wp-content\/uploads\/2019\/03\/download-300x137.png\" alt=\"\" width=\"300\" height=\"137\" srcset=\"https:\/\/alemdojob.ielusc.br\/wp-content\/uploads\/2019\/03\/download-300x137.png 300w, https:\/\/alemdojob.ielusc.br\/wp-content\/uploads\/2019\/03\/download.png 332w\" sizes=\"(max-width: 300px) 100vw, 300px\" \/><figcaption id=\"caption-attachment-685\" class=\"wp-caption-text\">gr\u00e1fico cauda longa<\/figcaption><\/figure>\n<p><span style=\"font-weight: 400;\">O mercado livre \u00e9 um e-commerce com grande oferta focado em produtos de nicho. Utilizando a cauda longa o e-commerce oferece produtos espec\u00edficos para diversos p\u00fablicos, tanto produtos que vendem muito, e de valor mais baixo quanto produtos de um valor mais alto por\u00e9m com venda em menor quantidade. &nbsp;E o que um e-commerce ganha com isso ?<\/span><\/p>\n<ul>\n<li>Relacionamento com o consumidor<\/li>\n<\/ul>\n<p><span style=\"font-weight: 400;\">Sabe aquela sensa\u00e7\u00e3o de que a loja est\u00e1 falando exatamente o que voc\u00ea queria ouvir? Incr\u00edvel n\u00e3o \u00e9 mesmo? <\/span><\/p>\n<p><span style=\"font-weight: 400;\">Um bom atendimento, personaliza\u00e7\u00e3o e aten\u00e7\u00e3o devida criam la\u00e7os de relacionamento que v\u00e3o muito al\u00e9m do pre\u00e7o.&nbsp;<\/span><span style=\"font-weight: 400;\">Direcionar a comunica\u00e7\u00e3o e estrat\u00e9gias de marketing buscando atender as necessidades do seu p\u00fablico lhe dar\u00e1 resultados muito mais eficazes. Otimizando os investimentos e direcionando melhor as suas personas.<\/span><\/p>\n<p>&nbsp;<\/p>\n<ul>\n<li>Fideliza\u00e7\u00e3o mais eficaz<\/li>\n<\/ul>\n<p><span style=\"font-weight: 400;\">Quando voc\u00ea tem uma boa experi\u00eancia &nbsp;com uma marca\/empresa e consegue ser bem atendido \u00e9 normal que quando sua necessidade surja outra vez essa mesma marca\/empresa j\u00e1 venha a sua cabe\u00e7a como procura. Isso gera um fluxo maior de vendas e ainda por cima os seus consumidores acabam gerando m\u00eddia espont\u00e2nea por ser fidelizado, isso tudo aumenta o fluxo org\u00e2nico da sua plataforma. <\/span><\/p>\n<p>&nbsp;<\/p>\n<ul>\n<li>Melhor posicionamento da marca<\/li>\n<\/ul>\n<p><span style=\"font-weight: 400;\">Marcas\/ empresas que atendem nichos mais espec\u00edficos conseguem criar uma conex\u00e3o maior com o consumidor e estabelecer um posicionamento mais s\u00f3lido com o mercado, estabelecendo uma posi\u00e7\u00e3o de refer\u00eancia e se tornando mais f\u00e1cil gerando um faturamento ainda maior.<\/span><\/p>\n<p><b>FACILIDADE NA COMPRA<\/b><\/p>\n<p><span style=\"font-weight: 400;\">\u00c9 muito comum vermos plataformas que n\u00e3o facilitam as coisas para os seus consumidores e muitas vezes na hora de a compra ser efetivada o inc\u00f4modo surge. Hoje n\u00e3o existem mais dificuldades para comprar produtos ent\u00e3o em quesitos de fechamento de neg\u00f3cio esteja atento para facilitar a sua venda.<\/span><\/p>\n<p><span style=\"font-weight: 400;\">Trouxemos abaixo algumas das facilidades que o Mercado Livre oferece:<\/span><\/p>\n<p><span style=\"font-weight: 400;\">1-Comp\u00f5em a seu site op\u00e7\u00f5es de sele\u00e7\u00e3o de compras com descontos exclusivos e ofertas semanais moldando a escolha de seu cliente.<\/span><\/p>\n<figure id=\"attachment_709\" aria-describedby=\"caption-attachment-709\" style=\"width: 1221px\" class=\"wp-caption aligncenter\"><img decoding=\"async\" loading=\"lazy\" class=\"size-full wp-image-709\" src=\"http:\/\/alemdojob.ielusc.br\/wp-content\/uploads\/2019\/03\/Sem-t\u00edtulo.jpg\" alt=\"\" width=\"1221\" height=\"96\" srcset=\"https:\/\/alemdojob.ielusc.br\/wp-content\/uploads\/2019\/03\/Sem-t\u00edtulo.jpg 1221w, https:\/\/alemdojob.ielusc.br\/wp-content\/uploads\/2019\/03\/Sem-t\u00edtulo-300x24.jpg 300w, https:\/\/alemdojob.ielusc.br\/wp-content\/uploads\/2019\/03\/Sem-t\u00edtulo-768x60.jpg 768w, https:\/\/alemdojob.ielusc.br\/wp-content\/uploads\/2019\/03\/Sem-t\u00edtulo-1024x81.jpg 1024w\" sizes=\"(max-width: 1221px) 100vw, 1221px\" \/><figcaption id=\"caption-attachment-709\" class=\"wp-caption-text\">Barra de pesquisa mercado livre.<\/figcaption><\/figure>\n<p><span style=\"font-weight: 400;\">2-Seu pagamento \u00e9 r\u00e1pido, seguro e n\u00e3o tem custo adicional.<\/span><\/p>\n<p><span style=\"font-weight: 400;\">3-Boleto banc\u00e1rio &#8211; Com pagamento em qualquer ag\u00eancia banc\u00e1ria, caixa eletr\u00f4nico, internet banking ou correspondentes banc\u00e1rios, com aprova\u00e7\u00e3o de at\u00e9 2 dias \u00fateis.<\/span><\/p>\n<p><span style=\"font-weight: 400;\">4-Aceita todas as bandeiras de <\/span><b>Cart\u00f5es de cr\u00e9dito<\/b><span style=\"font-weight: 400;\"> listados abaixo,em at\u00e9 6x com aprova\u00e7\u00e3o instant\u00e2nea.<\/span><\/p>\n<p>&nbsp;<\/p>\n<figure id=\"attachment_639\" aria-describedby=\"caption-attachment-639\" style=\"width: 300px\" class=\"wp-caption aligncenter\"><img decoding=\"async\" loading=\"lazy\" class=\"size-medium wp-image-639\" src=\"http:\/\/alemdojob.ielusc.br\/wp-content\/uploads\/2019\/03\/1-300x74.jpg\" alt=\"\" width=\"300\" height=\"74\" srcset=\"https:\/\/alemdojob.ielusc.br\/wp-content\/uploads\/2019\/03\/1-300x74.jpg 300w, https:\/\/alemdojob.ielusc.br\/wp-content\/uploads\/2019\/03\/1.jpg 583w\" sizes=\"(max-width: 300px) 100vw, 300px\" \/><figcaption id=\"caption-attachment-639\" class=\"wp-caption-text\">M\u00e9todos de pagamentos aceitos pelo e-commerce.<\/figcaption><\/figure>\n<p>&nbsp;<\/p>\n<p><b>CATEGORIZA\u00c7\u00c3O PARA SOBREVIV\u00caNCIA<\/b><\/p>\n<p><span style=\"font-weight: 400;\">Imagine o quanto \u00e9 dif\u00edcil poder encontrar um produto que tanto procura &nbsp;dentro de uma plataforma que atende desde itens eletr\u00f4nicos, roupas, objetos pessoais e at\u00e9 mesmo autom\u00f3veis, a jornada de compra se torna muito maior e quem sabe menos eficaz. Esse \u00e9 o grande desafio que gigantes como Mercado Livre encontram para posicionar bem os seus produtos dentro do seu marketplace. &nbsp;Por isso \u00e9 de extrema import\u00e2ncia investir em uma plataforma que te permita categorizar todos os seus segmentos. Assim voc\u00ea conduz o seu consumidor at\u00e9 o local que ele procura. <\/span><\/p>\n<p><span style=\"font-weight: 400;\">O mercado livre &nbsp;por exemplo apresenta v\u00e1rias categorias &nbsp;para busca de produtos que v\u00e3o desde ve\u00edculos e livros a moda e brinquedos, possuindo assim uma ampla e vasta variedade de produtos que atendem a diversos tipos de p\u00fablico. \u00c9 interessante notar que dentro de cada categoria \u201cm\u00e3e\u201d existem subcategorias com produtos ainda mais espec\u00edficos, que podem ser desmembrados e bem nichados. Al\u00e9m disso a barra de pesquisa ajuda a achar com mais facilidade o produto procurado. A busca pode ser cada vez mais espec\u00edfica de acordo com a procura por exemplo: Se voc\u00ea \u00e9 um amante do cinema franc\u00eas antigo e busca por filmes de aventura, sua pesquisa ser\u00e1 desmembrada da seguinte forma: &nbsp;<\/span><span style=\"font-weight: 400;\">Filmes e Seriados <\/span><span style=\"font-weight: 400;\">&gt;<\/span><span style=\"font-weight: 400;\">Filmes &gt;Drama &gt;DVDs&gt;Europeus. N\u00f3s encurtamos melhor a busca e optamos por ir direto para barra de pesquisa pesquisando pela seguinte frase: Filmes franceses antigos de aventura. &nbsp;Eis o resultado: <\/span><\/p>\n<figure id=\"attachment_708\" aria-describedby=\"caption-attachment-708\" style=\"width: 640px\" class=\"wp-caption aligncenter\"><img decoding=\"async\" loading=\"lazy\" class=\"size-large wp-image-708\" src=\"http:\/\/alemdojob.ielusc.br\/wp-content\/uploads\/2019\/03\/Captura-de-Tela-2019-03-24-\u00e0s-10.14.34-1024x499.png\" alt=\"\" width=\"640\" height=\"312\" srcset=\"https:\/\/alemdojob.ielusc.br\/wp-content\/uploads\/2019\/03\/Captura-de-Tela-2019-03-24-\u00e0s-10.14.34-1024x499.png 1024w, https:\/\/alemdojob.ielusc.br\/wp-content\/uploads\/2019\/03\/Captura-de-Tela-2019-03-24-\u00e0s-10.14.34-300x146.png 300w, https:\/\/alemdojob.ielusc.br\/wp-content\/uploads\/2019\/03\/Captura-de-Tela-2019-03-24-\u00e0s-10.14.34-768x374.png 768w, https:\/\/alemdojob.ielusc.br\/wp-content\/uploads\/2019\/03\/Captura-de-Tela-2019-03-24-\u00e0s-10.14.34.png 1098w\" sizes=\"(max-width: 640px) 100vw, 640px\" \/><figcaption id=\"caption-attachment-708\" class=\"wp-caption-text\">Imagem de filme franc\u00eas no mercado livre.<\/figcaption><\/figure>\n<p><span style=\"font-weight: 400;\">Outro detalhe de extrema import\u00e2ncia e agregar caracter\u00edsticas ao seus produtos, nada de pregui\u00e7a para descrever o produto quanto mais assertivas as palavras o descreverem mais r\u00e1pido o seu consumidor o achar\u00e1. <\/span><\/p>\n<p><span style=\"font-weight: 400;\">Esse filme poderia ter sido descrito s\u00f3 como &#8220;filme de aventura&#8221;, por\u00e9m adicionando palavras como franc\u00eas\/ dublado j\u00e1 ajuda a chegarmos ainda mais r\u00e1pido no que procur\u00e1vamos, e nos atrevemos a dizer que poderiam ter descrito ainda mais. &nbsp;Veja nossa sugest\u00e3o em vermelho:<\/span><\/p>\n<p style=\"text-align: center;\"><b>Dvd &#8211; As Aventuras De Moli\u00e9re ( Filme Franc\u00eas \/<\/b><span style=\"color: #ff0000;\"><b>Ano do filme<\/b><\/span><b>\/ Dublado\/<\/b><span style=\"color: #ff0000;\"><b>Drama<\/b><\/span><b>)<\/b><\/p>\n<p><span style=\"font-weight: 400;\">Lembre-se de falar sobre o produto ao qual est\u00e1 vendendo sempre com conte\u00fados ricos em detalhes. Isso faz toda diferen\u00e7a na tomada de decis\u00e3o do consumidor, pois \u00e9 muitas vezes essa a parte dos esclarecimentos. Veja abaixo: <\/span><\/p>\n<figure id=\"attachment_710\" aria-describedby=\"caption-attachment-710\" style=\"width: 386px\" class=\"wp-caption aligncenter\"><img decoding=\"async\" loading=\"lazy\" class=\"size-full wp-image-710\" src=\"http:\/\/alemdojob.ielusc.br\/wp-content\/uploads\/2019\/03\/Captura-de-Tela-2019-03-24-\u00e0s-10.26.13.png\" alt=\"\" width=\"386\" height=\"573\" srcset=\"https:\/\/alemdojob.ielusc.br\/wp-content\/uploads\/2019\/03\/Captura-de-Tela-2019-03-24-\u00e0s-10.26.13.png 386w, https:\/\/alemdojob.ielusc.br\/wp-content\/uploads\/2019\/03\/Captura-de-Tela-2019-03-24-\u00e0s-10.26.13-202x300.png 202w\" sizes=\"(max-width: 386px) 100vw, 386px\" \/><figcaption id=\"caption-attachment-710\" class=\"wp-caption-text\">Filme de aventura do Moli\u00e9re.<\/figcaption><\/figure>\n<p><span style=\"font-weight: 400;\">Ofere\u00e7a tamb\u00e9m outras op\u00e7\u00f5es de produtos relacionados a busca, logo o consumidor entender\u00e1 que voc\u00ea domina do assunto e pode ter boas sugest\u00f5es para oferecer. <\/span><\/p>\n<p><img decoding=\"async\" loading=\"lazy\" class=\"aligncenter size-full wp-image-711\" src=\"http:\/\/alemdojob.ielusc.br\/wp-content\/uploads\/2019\/03\/Captura-de-Tela-2019-03-24-\u00e0s-10.31.16.png\" alt=\"\" width=\"691\" height=\"375\" srcset=\"https:\/\/alemdojob.ielusc.br\/wp-content\/uploads\/2019\/03\/Captura-de-Tela-2019-03-24-\u00e0s-10.31.16.png 691w, https:\/\/alemdojob.ielusc.br\/wp-content\/uploads\/2019\/03\/Captura-de-Tela-2019-03-24-\u00e0s-10.31.16-300x163.png 300w\" sizes=\"(max-width: 691px) 100vw, 691px\" \/><br \/>\n<span style=\"font-weight: 400;\">Como vimos em nosso artigo, construir um e-commerce de nicho \u00e9 uma \u00f3tima op\u00e7\u00e3o para quem deseja alcan\u00e7ar o sucesso. Apesar de a internet possibilitar uma vasta oferta pelas empresas, concentrar as solu\u00e7\u00f5es em grupos espec\u00edficos de p\u00fablico tem grandes vantagens, conforme mostramos. Por isso, atente-se para as dicas que fornecemos e fa\u00e7a um bom planejamento para&nbsp; o seu neg\u00f3cio!<\/span><\/p>\n<p>&#8220;Este texto faz parte de um exerc\u00edcio da disciplina de Arenas Digitais, cujo objetivo \u00e9 exercitar o conceito de busca de cauda longa. Cada grupo buscou por um produto espec\u00edfico, escolheu a empresa mais bem posicionada nos resultados de busca e foi feita uma an\u00e1lise de seu e-commerce a partir dos princ\u00edpios da Cauda Longa de Oferta, Pre\u00e7o e Busca.&#8221;<\/p>\n<p>Alunas: Eloisa Gabriele e Jaqueline.<\/p>\n","protected":false},"excerpt":{"rendered":"<p>Voc\u00ea deve estar se perguntando porque deveria investir em atender a p\u00fablicos espec\u00edficos com uma &hellip; <\/p>\n","protected":false},"author":1,"featured_media":713,"comment_status":"open","ping_status":"open","sticky":false,"template":"","format":"standard","meta":{"_mi_skip_tracking":false,"_exactmetrics_sitenote_active":false,"_exactmetrics_sitenote_note":"","_exactmetrics_sitenote_category":0,"ngg_post_thumbnail":0,"footnotes":""},"categories":[1],"tags":[],"yoast_head":"<!-- This site is optimized with the Yoast SEO plugin v21.4 - https:\/\/yoast.com\/wordpress\/plugins\/seo\/ -->\n<title>Como ser um e-commerce multipotencial ? - Al\u00e9m do Job<\/title>\n<meta name=\"robots\" content=\"index, follow, max-snippet:-1, max-image-preview:large, max-video-preview:-1\" \/>\n<link rel=\"canonical\" href=\"https:\/\/alemdojob.ielusc.br\/index.php\/2019\/03\/27\/como-ser-um-e-commerce-multipotencial\/\" \/>\n<meta property=\"og:locale\" content=\"pt_BR\" \/>\n<meta property=\"og:type\" content=\"article\" \/>\n<meta property=\"og:title\" content=\"Como ser um e-commerce multipotencial ? - Al\u00e9m do Job\" \/>\n<meta property=\"og:description\" content=\"Voc\u00ea deve estar se perguntando porque deveria investir em atender a p\u00fablicos espec\u00edficos com uma &hellip;\" \/>\n<meta property=\"og:url\" content=\"https:\/\/alemdojob.ielusc.br\/index.php\/2019\/03\/27\/como-ser-um-e-commerce-multipotencial\/\" \/>\n<meta property=\"og:site_name\" content=\"Al\u00e9m do Job\" \/>\n<meta property=\"article:published_time\" content=\"2019-03-28T01:33:14+00:00\" \/>\n<meta property=\"article:modified_time\" content=\"2019-04-04T00:47:00+00:00\" \/>\n<meta property=\"og:image\" content=\"https:\/\/alemdojob.ielusc.br\/wp-content\/uploads\/2019\/03\/original-76f084b43ce13c05f534408d8a171d54.jpg\" \/>\n\t<meta property=\"og:image:width\" content=\"1000\" \/>\n\t<meta property=\"og:image:height\" content=\"666\" \/>\n\t<meta property=\"og:image:type\" content=\"image\/jpeg\" \/>\n<meta name=\"author\" content=\"admin\" \/>\n<meta name=\"twitter:card\" content=\"summary_large_image\" \/>\n<meta name=\"twitter:label1\" content=\"Escrito por\" \/>\n\t<meta name=\"twitter:data1\" content=\"admin\" \/>\n\t<meta name=\"twitter:label2\" content=\"Est. tempo de leitura\" \/>\n\t<meta name=\"twitter:data2\" content=\"6 minutos\" \/>\n<script type=\"application\/ld+json\" class=\"yoast-schema-graph\">{\"@context\":\"https:\/\/schema.org\",\"@graph\":[{\"@type\":\"Article\",\"@id\":\"https:\/\/alemdojob.ielusc.br\/index.php\/2019\/03\/27\/como-ser-um-e-commerce-multipotencial\/#article\",\"isPartOf\":{\"@id\":\"https:\/\/alemdojob.ielusc.br\/index.php\/2019\/03\/27\/como-ser-um-e-commerce-multipotencial\/\"},\"author\":{\"name\":\"admin\",\"@id\":\"https:\/\/alemdojob.ielusc.br\/#\/schema\/person\/f424a9ef6e4c26d6a538730daa1a28a4\"},\"headline\":\"Como ser um e-commerce multipotencial ?\",\"datePublished\":\"2019-03-28T01:33:14+00:00\",\"dateModified\":\"2019-04-04T00:47:00+00:00\",\"mainEntityOfPage\":{\"@id\":\"https:\/\/alemdojob.ielusc.br\/index.php\/2019\/03\/27\/como-ser-um-e-commerce-multipotencial\/\"},\"wordCount\":1210,\"commentCount\":0,\"publisher\":{\"@id\":\"https:\/\/alemdojob.ielusc.br\/#organization\"},\"articleSection\":[\"Tend\u00eancias\"],\"inLanguage\":\"pt-BR\",\"potentialAction\":[{\"@type\":\"CommentAction\",\"name\":\"Comment\",\"target\":[\"https:\/\/alemdojob.ielusc.br\/index.php\/2019\/03\/27\/como-ser-um-e-commerce-multipotencial\/#respond\"]}]},{\"@type\":\"WebPage\",\"@id\":\"https:\/\/alemdojob.ielusc.br\/index.php\/2019\/03\/27\/como-ser-um-e-commerce-multipotencial\/\",\"url\":\"https:\/\/alemdojob.ielusc.br\/index.php\/2019\/03\/27\/como-ser-um-e-commerce-multipotencial\/\",\"name\":\"Como ser um e-commerce multipotencial ? - Al\u00e9m do Job\",\"isPartOf\":{\"@id\":\"https:\/\/alemdojob.ielusc.br\/#website\"},\"datePublished\":\"2019-03-28T01:33:14+00:00\",\"dateModified\":\"2019-04-04T00:47:00+00:00\",\"breadcrumb\":{\"@id\":\"https:\/\/alemdojob.ielusc.br\/index.php\/2019\/03\/27\/como-ser-um-e-commerce-multipotencial\/#breadcrumb\"},\"inLanguage\":\"pt-BR\",\"potentialAction\":[{\"@type\":\"ReadAction\",\"target\":[\"https:\/\/alemdojob.ielusc.br\/index.php\/2019\/03\/27\/como-ser-um-e-commerce-multipotencial\/\"]}]},{\"@type\":\"BreadcrumbList\",\"@id\":\"https:\/\/alemdojob.ielusc.br\/index.php\/2019\/03\/27\/como-ser-um-e-commerce-multipotencial\/#breadcrumb\",\"itemListElement\":[{\"@type\":\"ListItem\",\"position\":1,\"name\":\"Home\",\"item\":\"https:\/\/alemdojob.ielusc.br\/\"},{\"@type\":\"ListItem\",\"position\":2,\"name\":\"Como ser um e-commerce multipotencial ?\"}]},{\"@type\":\"WebSite\",\"@id\":\"https:\/\/alemdojob.ielusc.br\/#website\",\"url\":\"https:\/\/alemdojob.ielusc.br\/\",\"name\":\"Al\u00e9m do Job\",\"description\":\"\",\"publisher\":{\"@id\":\"https:\/\/alemdojob.ielusc.br\/#organization\"},\"potentialAction\":[{\"@type\":\"SearchAction\",\"target\":{\"@type\":\"EntryPoint\",\"urlTemplate\":\"https:\/\/alemdojob.ielusc.br\/?s={search_term_string}\"},\"query-input\":\"required name=search_term_string\"}],\"inLanguage\":\"pt-BR\"},{\"@type\":\"Organization\",\"@id\":\"https:\/\/alemdojob.ielusc.br\/#organization\",\"name\":\"Al\u00e9m do Job\",\"url\":\"https:\/\/alemdojob.ielusc.br\/\",\"logo\":{\"@type\":\"ImageObject\",\"inLanguage\":\"pt-BR\",\"@id\":\"https:\/\/alemdojob.ielusc.br\/#\/schema\/logo\/image\/\",\"url\":\"https:\/\/alemdojob.ielusc.br\/wp-content\/uploads\/2018\/10\/cropped-Logo-Alem-do-Job-Final-e1538527573648-2.png\",\"contentUrl\":\"https:\/\/alemdojob.ielusc.br\/wp-content\/uploads\/2018\/10\/cropped-Logo-Alem-do-Job-Final-e1538527573648-2.png\",\"width\":150,\"height\":150,\"caption\":\"Al\u00e9m do Job\"},\"image\":{\"@id\":\"https:\/\/alemdojob.ielusc.br\/#\/schema\/logo\/image\/\"}},{\"@type\":\"Person\",\"@id\":\"https:\/\/alemdojob.ielusc.br\/#\/schema\/person\/f424a9ef6e4c26d6a538730daa1a28a4\",\"name\":\"admin\",\"image\":{\"@type\":\"ImageObject\",\"inLanguage\":\"pt-BR\",\"@id\":\"https:\/\/alemdojob.ielusc.br\/#\/schema\/person\/image\/\",\"url\":\"https:\/\/secure.gravatar.com\/avatar\/d5127c65e67bfa28077a24f955302171?s=96&d=mm&r=g\",\"contentUrl\":\"https:\/\/secure.gravatar.com\/avatar\/d5127c65e67bfa28077a24f955302171?s=96&d=mm&r=g\",\"caption\":\"admin\"},\"url\":\"https:\/\/alemdojob.ielusc.br\/index.php\/author\/admin\/\"}]}<\/script>\n<!-- \/ Yoast SEO plugin. -->","yoast_head_json":{"title":"Como ser um e-commerce multipotencial ? - Al\u00e9m do Job","robots":{"index":"index","follow":"follow","max-snippet":"max-snippet:-1","max-image-preview":"max-image-preview:large","max-video-preview":"max-video-preview:-1"},"canonical":"https:\/\/alemdojob.ielusc.br\/index.php\/2019\/03\/27\/como-ser-um-e-commerce-multipotencial\/","og_locale":"pt_BR","og_type":"article","og_title":"Como ser um e-commerce multipotencial ? - Al\u00e9m do Job","og_description":"Voc\u00ea deve estar se perguntando porque deveria investir em atender a p\u00fablicos espec\u00edficos com uma &hellip;","og_url":"https:\/\/alemdojob.ielusc.br\/index.php\/2019\/03\/27\/como-ser-um-e-commerce-multipotencial\/","og_site_name":"Al\u00e9m do Job","article_published_time":"2019-03-28T01:33:14+00:00","article_modified_time":"2019-04-04T00:47:00+00:00","og_image":[{"width":1000,"height":666,"url":"https:\/\/alemdojob.ielusc.br\/wp-content\/uploads\/2019\/03\/original-76f084b43ce13c05f534408d8a171d54.jpg","type":"image\/jpeg"}],"author":"admin","twitter_card":"summary_large_image","twitter_misc":{"Escrito por":"admin","Est. tempo de leitura":"6 minutos"},"schema":{"@context":"https:\/\/schema.org","@graph":[{"@type":"Article","@id":"https:\/\/alemdojob.ielusc.br\/index.php\/2019\/03\/27\/como-ser-um-e-commerce-multipotencial\/#article","isPartOf":{"@id":"https:\/\/alemdojob.ielusc.br\/index.php\/2019\/03\/27\/como-ser-um-e-commerce-multipotencial\/"},"author":{"name":"admin","@id":"https:\/\/alemdojob.ielusc.br\/#\/schema\/person\/f424a9ef6e4c26d6a538730daa1a28a4"},"headline":"Como ser um e-commerce multipotencial ?","datePublished":"2019-03-28T01:33:14+00:00","dateModified":"2019-04-04T00:47:00+00:00","mainEntityOfPage":{"@id":"https:\/\/alemdojob.ielusc.br\/index.php\/2019\/03\/27\/como-ser-um-e-commerce-multipotencial\/"},"wordCount":1210,"commentCount":0,"publisher":{"@id":"https:\/\/alemdojob.ielusc.br\/#organization"},"articleSection":["Tend\u00eancias"],"inLanguage":"pt-BR","potentialAction":[{"@type":"CommentAction","name":"Comment","target":["https:\/\/alemdojob.ielusc.br\/index.php\/2019\/03\/27\/como-ser-um-e-commerce-multipotencial\/#respond"]}]},{"@type":"WebPage","@id":"https:\/\/alemdojob.ielusc.br\/index.php\/2019\/03\/27\/como-ser-um-e-commerce-multipotencial\/","url":"https:\/\/alemdojob.ielusc.br\/index.php\/2019\/03\/27\/como-ser-um-e-commerce-multipotencial\/","name":"Como ser um e-commerce multipotencial ? - Al\u00e9m do Job","isPartOf":{"@id":"https:\/\/alemdojob.ielusc.br\/#website"},"datePublished":"2019-03-28T01:33:14+00:00","dateModified":"2019-04-04T00:47:00+00:00","breadcrumb":{"@id":"https:\/\/alemdojob.ielusc.br\/index.php\/2019\/03\/27\/como-ser-um-e-commerce-multipotencial\/#breadcrumb"},"inLanguage":"pt-BR","potentialAction":[{"@type":"ReadAction","target":["https:\/\/alemdojob.ielusc.br\/index.php\/2019\/03\/27\/como-ser-um-e-commerce-multipotencial\/"]}]},{"@type":"BreadcrumbList","@id":"https:\/\/alemdojob.ielusc.br\/index.php\/2019\/03\/27\/como-ser-um-e-commerce-multipotencial\/#breadcrumb","itemListElement":[{"@type":"ListItem","position":1,"name":"Home","item":"https:\/\/alemdojob.ielusc.br\/"},{"@type":"ListItem","position":2,"name":"Como ser um e-commerce multipotencial ?"}]},{"@type":"WebSite","@id":"https:\/\/alemdojob.ielusc.br\/#website","url":"https:\/\/alemdojob.ielusc.br\/","name":"Al\u00e9m do Job","description":"","publisher":{"@id":"https:\/\/alemdojob.ielusc.br\/#organization"},"potentialAction":[{"@type":"SearchAction","target":{"@type":"EntryPoint","urlTemplate":"https:\/\/alemdojob.ielusc.br\/?s={search_term_string}"},"query-input":"required name=search_term_string"}],"inLanguage":"pt-BR"},{"@type":"Organization","@id":"https:\/\/alemdojob.ielusc.br\/#organization","name":"Al\u00e9m do Job","url":"https:\/\/alemdojob.ielusc.br\/","logo":{"@type":"ImageObject","inLanguage":"pt-BR","@id":"https:\/\/alemdojob.ielusc.br\/#\/schema\/logo\/image\/","url":"https:\/\/alemdojob.ielusc.br\/wp-content\/uploads\/2018\/10\/cropped-Logo-Alem-do-Job-Final-e1538527573648-2.png","contentUrl":"https:\/\/alemdojob.ielusc.br\/wp-content\/uploads\/2018\/10\/cropped-Logo-Alem-do-Job-Final-e1538527573648-2.png","width":150,"height":150,"caption":"Al\u00e9m do Job"},"image":{"@id":"https:\/\/alemdojob.ielusc.br\/#\/schema\/logo\/image\/"}},{"@type":"Person","@id":"https:\/\/alemdojob.ielusc.br\/#\/schema\/person\/f424a9ef6e4c26d6a538730daa1a28a4","name":"admin","image":{"@type":"ImageObject","inLanguage":"pt-BR","@id":"https:\/\/alemdojob.ielusc.br\/#\/schema\/person\/image\/","url":"https:\/\/secure.gravatar.com\/avatar\/d5127c65e67bfa28077a24f955302171?s=96&d=mm&r=g","contentUrl":"https:\/\/secure.gravatar.com\/avatar\/d5127c65e67bfa28077a24f955302171?s=96&d=mm&r=g","caption":"admin"},"url":"https:\/\/alemdojob.ielusc.br\/index.php\/author\/admin\/"}]}},"_links":{"self":[{"href":"https:\/\/alemdojob.ielusc.br\/index.php\/wp-json\/wp\/v2\/posts\/599"}],"collection":[{"href":"https:\/\/alemdojob.ielusc.br\/index.php\/wp-json\/wp\/v2\/posts"}],"about":[{"href":"https:\/\/alemdojob.ielusc.br\/index.php\/wp-json\/wp\/v2\/types\/post"}],"author":[{"embeddable":true,"href":"https:\/\/alemdojob.ielusc.br\/index.php\/wp-json\/wp\/v2\/users\/1"}],"replies":[{"embeddable":true,"href":"https:\/\/alemdojob.ielusc.br\/index.php\/wp-json\/wp\/v2\/comments?post=599"}],"version-history":[{"count":4,"href":"https:\/\/alemdojob.ielusc.br\/index.php\/wp-json\/wp\/v2\/posts\/599\/revisions"}],"predecessor-version":[{"id":755,"href":"https:\/\/alemdojob.ielusc.br\/index.php\/wp-json\/wp\/v2\/posts\/599\/revisions\/755"}],"wp:featuredmedia":[{"embeddable":true,"href":"https:\/\/alemdojob.ielusc.br\/index.php\/wp-json\/wp\/v2\/media\/713"}],"wp:attachment":[{"href":"https:\/\/alemdojob.ielusc.br\/index.php\/wp-json\/wp\/v2\/media?parent=599"}],"wp:term":[{"taxonomy":"category","embeddable":true,"href":"https:\/\/alemdojob.ielusc.br\/index.php\/wp-json\/wp\/v2\/categories?post=599"},{"taxonomy":"post_tag","embeddable":true,"href":"https:\/\/alemdojob.ielusc.br\/index.php\/wp-json\/wp\/v2\/tags?post=599"}],"curies":[{"name":"wp","href":"https:\/\/api.w.org\/{rel}","templated":true}]}}