{"id":935,"date":"2019-11-22T20:06:47","date_gmt":"2019-11-22T23:06:47","guid":{"rendered":"http:\/\/alemdojob.ielusc.br\/?p=935"},"modified":"2019-11-22T20:06:47","modified_gmt":"2019-11-22T23:06:47","slug":"como-dar-os-primeiros-passos-no-instagram-sendo-uma-empresa","status":"publish","type":"post","link":"https:\/\/alemdojob.ielusc.br\/index.php\/2019\/11\/22\/como-dar-os-primeiros-passos-no-instagram-sendo-uma-empresa\/","title":{"rendered":"Como dar os primeiros passos no Instagram sendo uma empresa"},"content":{"rendered":"<p>Dar os primeiros passos no Instagram como uma pequena empresa nem sempre \u00e9 f\u00e1cil, por\u00e9m, existem v\u00e1rias dicas que podem tornar isso mais simples. Desde o planejamento inicial at\u00e9 a an\u00e1lise de resultados final, confira o infogr\u00e1fico para entender como driblar o baixo or\u00e7amento sem deixar de lado a publicidade.<\/p>\n<p>&nbsp;<\/p>\n<p><img decoding=\"async\" loading=\"lazy\" class=\"aligncenter size-full wp-image-936\" src=\"http:\/\/alemdojob.ielusc.br\/wp-content\/uploads\/2019\/11\/infogr\u00e1fico_01.jpg\" alt=\"\" width=\"800\" height=\"3896\" srcset=\"https:\/\/alemdojob.ielusc.br\/wp-content\/uploads\/2019\/11\/infogr\u00e1fico_01.jpg 800w, https:\/\/alemdojob.ielusc.br\/wp-content\/uploads\/2019\/11\/infogr\u00e1fico_01-768x3740.jpg 768w, https:\/\/alemdojob.ielusc.br\/wp-content\/uploads\/2019\/11\/infogr\u00e1fico_01-210x1024.jpg 210w\" sizes=\"(max-width: 800px) 100vw, 800px\" \/><\/p>\n<p>Alini Girardi, Maria Luiza e Gabriel Bodnar<\/p>\n","protected":false},"excerpt":{"rendered":"<p>Dar os primeiros passos no Instagram como uma pequena empresa nem sempre \u00e9 f\u00e1cil, por\u00e9m, &hellip; <\/p>\n","protected":false},"author":1,"featured_media":0,"comment_status":"open","ping_status":"open","sticky":false,"template":"","format":"standard","meta":{"_mi_skip_tracking":false,"_exactmetrics_sitenote_active":false,"_exactmetrics_sitenote_note":"","_exactmetrics_sitenote_category":0,"ngg_post_thumbnail":0,"footnotes":""},"categories":[1],"tags":[],"yoast_head":"<!-- This site is optimized with the Yoast SEO plugin v21.4 - https:\/\/yoast.com\/wordpress\/plugins\/seo\/ -->\n<title>Como dar os primeiros passos no Instagram sendo uma empresa - Al\u00e9m do Job<\/title>\n<meta name=\"robots\" content=\"index, follow, max-snippet:-1, max-image-preview:large, max-video-preview:-1\" \/>\n<link rel=\"canonical\" href=\"https:\/\/alemdojob.ielusc.br\/index.php\/2019\/11\/22\/como-dar-os-primeiros-passos-no-instagram-sendo-uma-empresa\/\" \/>\n<meta property=\"og:locale\" content=\"pt_BR\" \/>\n<meta property=\"og:type\" content=\"article\" \/>\n<meta property=\"og:title\" content=\"Como dar os primeiros passos no Instagram sendo uma empresa - Al\u00e9m do Job\" \/>\n<meta property=\"og:description\" content=\"Dar os primeiros passos no Instagram como uma pequena empresa nem sempre \u00e9 f\u00e1cil, por\u00e9m, &hellip;\" \/>\n<meta property=\"og:url\" content=\"https:\/\/alemdojob.ielusc.br\/index.php\/2019\/11\/22\/como-dar-os-primeiros-passos-no-instagram-sendo-uma-empresa\/\" \/>\n<meta property=\"og:site_name\" content=\"Al\u00e9m do Job\" \/>\n<meta property=\"article:published_time\" content=\"2019-11-22T23:06:47+00:00\" \/>\n<meta name=\"author\" content=\"admin\" \/>\n<meta name=\"twitter:card\" content=\"summary_large_image\" \/>\n<meta name=\"twitter:label1\" content=\"Escrito por\" \/>\n\t<meta name=\"twitter:data1\" content=\"admin\" \/>\n<script type=\"application\/ld+json\" class=\"yoast-schema-graph\">{\"@context\":\"https:\/\/schema.org\",\"@graph\":[{\"@type\":\"Article\",\"@id\":\"https:\/\/alemdojob.ielusc.br\/index.php\/2019\/11\/22\/como-dar-os-primeiros-passos-no-instagram-sendo-uma-empresa\/#article\",\"isPartOf\":{\"@id\":\"https:\/\/alemdojob.ielusc.br\/index.php\/2019\/11\/22\/como-dar-os-primeiros-passos-no-instagram-sendo-uma-empresa\/\"},\"author\":{\"name\":\"admin\",\"@id\":\"https:\/\/alemdojob.ielusc.br\/#\/schema\/person\/f424a9ef6e4c26d6a538730daa1a28a4\"},\"headline\":\"Como dar os primeiros passos no Instagram sendo uma empresa\",\"datePublished\":\"2019-11-22T23:06:47+00:00\",\"dateModified\":\"2019-11-22T23:06:47+00:00\",\"mainEntityOfPage\":{\"@id\":\"https:\/\/alemdojob.ielusc.br\/index.php\/2019\/11\/22\/como-dar-os-primeiros-passos-no-instagram-sendo-uma-empresa\/\"},\"wordCount\":73,\"commentCount\":0,\"publisher\":{\"@id\":\"https:\/\/alemdojob.ielusc.br\/#organization\"},\"articleSection\":[\"Tend\u00eancias\"],\"inLanguage\":\"pt-BR\",\"potentialAction\":[{\"@type\":\"CommentAction\",\"name\":\"Comment\",\"target\":[\"https:\/\/alemdojob.ielusc.br\/index.php\/2019\/11\/22\/como-dar-os-primeiros-passos-no-instagram-sendo-uma-empresa\/#respond\"]}]},{\"@type\":\"WebPage\",\"@id\":\"https:\/\/alemdojob.ielusc.br\/index.php\/2019\/11\/22\/como-dar-os-primeiros-passos-no-instagram-sendo-uma-empresa\/\",\"url\":\"https:\/\/alemdojob.ielusc.br\/index.php\/2019\/11\/22\/como-dar-os-primeiros-passos-no-instagram-sendo-uma-empresa\/\",\"name\":\"Como dar os primeiros passos no Instagram sendo uma empresa - Al\u00e9m do Job\",\"isPartOf\":{\"@id\":\"https:\/\/alemdojob.ielusc.br\/#website\"},\"datePublished\":\"2019-11-22T23:06:47+00:00\",\"dateModified\":\"2019-11-22T23:06:47+00:00\",\"breadcrumb\":{\"@id\":\"https:\/\/alemdojob.ielusc.br\/index.php\/2019\/11\/22\/como-dar-os-primeiros-passos-no-instagram-sendo-uma-empresa\/#breadcrumb\"},\"inLanguage\":\"pt-BR\",\"potentialAction\":[{\"@type\":\"ReadAction\",\"target\":[\"https:\/\/alemdojob.ielusc.br\/index.php\/2019\/11\/22\/como-dar-os-primeiros-passos-no-instagram-sendo-uma-empresa\/\"]}]},{\"@type\":\"BreadcrumbList\",\"@id\":\"https:\/\/alemdojob.ielusc.br\/index.php\/2019\/11\/22\/como-dar-os-primeiros-passos-no-instagram-sendo-uma-empresa\/#breadcrumb\",\"itemListElement\":[{\"@type\":\"ListItem\",\"position\":1,\"name\":\"Home\",\"item\":\"https:\/\/alemdojob.ielusc.br\/\"},{\"@type\":\"ListItem\",\"position\":2,\"name\":\"Como dar os primeiros passos no Instagram sendo uma empresa\"}]},{\"@type\":\"WebSite\",\"@id\":\"https:\/\/alemdojob.ielusc.br\/#website\",\"url\":\"https:\/\/alemdojob.ielusc.br\/\",\"name\":\"Al\u00e9m do Job\",\"description\":\"\",\"publisher\":{\"@id\":\"https:\/\/alemdojob.ielusc.br\/#organization\"},\"potentialAction\":[{\"@type\":\"SearchAction\",\"target\":{\"@type\":\"EntryPoint\",\"urlTemplate\":\"https:\/\/alemdojob.ielusc.br\/?s={search_term_string}\"},\"query-input\":\"required name=search_term_string\"}],\"inLanguage\":\"pt-BR\"},{\"@type\":\"Organization\",\"@id\":\"https:\/\/alemdojob.ielusc.br\/#organization\",\"name\":\"Al\u00e9m do Job\",\"url\":\"https:\/\/alemdojob.ielusc.br\/\",\"logo\":{\"@type\":\"ImageObject\",\"inLanguage\":\"pt-BR\",\"@id\":\"https:\/\/alemdojob.ielusc.br\/#\/schema\/logo\/image\/\",\"url\":\"https:\/\/alemdojob.ielusc.br\/wp-content\/uploads\/2018\/10\/cropped-Logo-Alem-do-Job-Final-e1538527573648-2.png\",\"contentUrl\":\"https:\/\/alemdojob.ielusc.br\/wp-content\/uploads\/2018\/10\/cropped-Logo-Alem-do-Job-Final-e1538527573648-2.png\",\"width\":150,\"height\":150,\"caption\":\"Al\u00e9m do Job\"},\"image\":{\"@id\":\"https:\/\/alemdojob.ielusc.br\/#\/schema\/logo\/image\/\"}},{\"@type\":\"Person\",\"@id\":\"https:\/\/alemdojob.ielusc.br\/#\/schema\/person\/f424a9ef6e4c26d6a538730daa1a28a4\",\"name\":\"admin\",\"image\":{\"@type\":\"ImageObject\",\"inLanguage\":\"pt-BR\",\"@id\":\"https:\/\/alemdojob.ielusc.br\/#\/schema\/person\/image\/\",\"url\":\"https:\/\/secure.gravatar.com\/avatar\/d5127c65e67bfa28077a24f955302171?s=96&d=mm&r=g\",\"contentUrl\":\"https:\/\/secure.gravatar.com\/avatar\/d5127c65e67bfa28077a24f955302171?s=96&d=mm&r=g\",\"caption\":\"admin\"},\"url\":\"https:\/\/alemdojob.ielusc.br\/index.php\/author\/admin\/\"}]}<\/script>\n<!-- \/ Yoast SEO plugin. -->","yoast_head_json":{"title":"Como dar os primeiros passos no Instagram sendo uma empresa - Al\u00e9m do Job","robots":{"index":"index","follow":"follow","max-snippet":"max-snippet:-1","max-image-preview":"max-image-preview:large","max-video-preview":"max-video-preview:-1"},"canonical":"https:\/\/alemdojob.ielusc.br\/index.php\/2019\/11\/22\/como-dar-os-primeiros-passos-no-instagram-sendo-uma-empresa\/","og_locale":"pt_BR","og_type":"article","og_title":"Como dar os primeiros passos no Instagram sendo uma empresa - Al\u00e9m do Job","og_description":"Dar os primeiros passos no Instagram como uma pequena empresa nem sempre \u00e9 f\u00e1cil, por\u00e9m, &hellip;","og_url":"https:\/\/alemdojob.ielusc.br\/index.php\/2019\/11\/22\/como-dar-os-primeiros-passos-no-instagram-sendo-uma-empresa\/","og_site_name":"Al\u00e9m do Job","article_published_time":"2019-11-22T23:06:47+00:00","author":"admin","twitter_card":"summary_large_image","twitter_misc":{"Escrito por":"admin"},"schema":{"@context":"https:\/\/schema.org","@graph":[{"@type":"Article","@id":"https:\/\/alemdojob.ielusc.br\/index.php\/2019\/11\/22\/como-dar-os-primeiros-passos-no-instagram-sendo-uma-empresa\/#article","isPartOf":{"@id":"https:\/\/alemdojob.ielusc.br\/index.php\/2019\/11\/22\/como-dar-os-primeiros-passos-no-instagram-sendo-uma-empresa\/"},"author":{"name":"admin","@id":"https:\/\/alemdojob.ielusc.br\/#\/schema\/person\/f424a9ef6e4c26d6a538730daa1a28a4"},"headline":"Como dar os primeiros passos no Instagram sendo uma empresa","datePublished":"2019-11-22T23:06:47+00:00","dateModified":"2019-11-22T23:06:47+00:00","mainEntityOfPage":{"@id":"https:\/\/alemdojob.ielusc.br\/index.php\/2019\/11\/22\/como-dar-os-primeiros-passos-no-instagram-sendo-uma-empresa\/"},"wordCount":73,"commentCount":0,"publisher":{"@id":"https:\/\/alemdojob.ielusc.br\/#organization"},"articleSection":["Tend\u00eancias"],"inLanguage":"pt-BR","potentialAction":[{"@type":"CommentAction","name":"Comment","target":["https:\/\/alemdojob.ielusc.br\/index.php\/2019\/11\/22\/como-dar-os-primeiros-passos-no-instagram-sendo-uma-empresa\/#respond"]}]},{"@type":"WebPage","@id":"https:\/\/alemdojob.ielusc.br\/index.php\/2019\/11\/22\/como-dar-os-primeiros-passos-no-instagram-sendo-uma-empresa\/","url":"https:\/\/alemdojob.ielusc.br\/index.php\/2019\/11\/22\/como-dar-os-primeiros-passos-no-instagram-sendo-uma-empresa\/","name":"Como dar os primeiros passos no Instagram sendo uma empresa - Al\u00e9m do Job","isPartOf":{"@id":"https:\/\/alemdojob.ielusc.br\/#website"},"datePublished":"2019-11-22T23:06:47+00:00","dateModified":"2019-11-22T23:06:47+00:00","breadcrumb":{"@id":"https:\/\/alemdojob.ielusc.br\/index.php\/2019\/11\/22\/como-dar-os-primeiros-passos-no-instagram-sendo-uma-empresa\/#breadcrumb"},"inLanguage":"pt-BR","potentialAction":[{"@type":"ReadAction","target":["https:\/\/alemdojob.ielusc.br\/index.php\/2019\/11\/22\/como-dar-os-primeiros-passos-no-instagram-sendo-uma-empresa\/"]}]},{"@type":"BreadcrumbList","@id":"https:\/\/alemdojob.ielusc.br\/index.php\/2019\/11\/22\/como-dar-os-primeiros-passos-no-instagram-sendo-uma-empresa\/#breadcrumb","itemListElement":[{"@type":"ListItem","position":1,"name":"Home","item":"https:\/\/alemdojob.ielusc.br\/"},{"@type":"ListItem","position":2,"name":"Como dar os primeiros passos no Instagram sendo uma empresa"}]},{"@type":"WebSite","@id":"https:\/\/alemdojob.ielusc.br\/#website","url":"https:\/\/alemdojob.ielusc.br\/","name":"Al\u00e9m do Job","description":"","publisher":{"@id":"https:\/\/alemdojob.ielusc.br\/#organization"},"potentialAction":[{"@type":"SearchAction","target":{"@type":"EntryPoint","urlTemplate":"https:\/\/alemdojob.ielusc.br\/?s={search_term_string}"},"query-input":"required name=search_term_string"}],"inLanguage":"pt-BR"},{"@type":"Organization","@id":"https:\/\/alemdojob.ielusc.br\/#organization","name":"Al\u00e9m do Job","url":"https:\/\/alemdojob.ielusc.br\/","logo":{"@type":"ImageObject","inLanguage":"pt-BR","@id":"https:\/\/alemdojob.ielusc.br\/#\/schema\/logo\/image\/","url":"https:\/\/alemdojob.ielusc.br\/wp-content\/uploads\/2018\/10\/cropped-Logo-Alem-do-Job-Final-e1538527573648-2.png","contentUrl":"https:\/\/alemdojob.ielusc.br\/wp-content\/uploads\/2018\/10\/cropped-Logo-Alem-do-Job-Final-e1538527573648-2.png","width":150,"height":150,"caption":"Al\u00e9m do Job"},"image":{"@id":"https:\/\/alemdojob.ielusc.br\/#\/schema\/logo\/image\/"}},{"@type":"Person","@id":"https:\/\/alemdojob.ielusc.br\/#\/schema\/person\/f424a9ef6e4c26d6a538730daa1a28a4","name":"admin","image":{"@type":"ImageObject","inLanguage":"pt-BR","@id":"https:\/\/alemdojob.ielusc.br\/#\/schema\/person\/image\/","url":"https:\/\/secure.gravatar.com\/avatar\/d5127c65e67bfa28077a24f955302171?s=96&d=mm&r=g","contentUrl":"https:\/\/secure.gravatar.com\/avatar\/d5127c65e67bfa28077a24f955302171?s=96&d=mm&r=g","caption":"admin"},"url":"https:\/\/alemdojob.ielusc.br\/index.php\/author\/admin\/"}]}},"_links":{"self":[{"href":"https:\/\/alemdojob.ielusc.br\/index.php\/wp-json\/wp\/v2\/posts\/935"}],"collection":[{"href":"https:\/\/alemdojob.ielusc.br\/index.php\/wp-json\/wp\/v2\/posts"}],"about":[{"href":"https:\/\/alemdojob.ielusc.br\/index.php\/wp-json\/wp\/v2\/types\/post"}],"author":[{"embeddable":true,"href":"https:\/\/alemdojob.ielusc.br\/index.php\/wp-json\/wp\/v2\/users\/1"}],"replies":[{"embeddable":true,"href":"https:\/\/alemdojob.ielusc.br\/index.php\/wp-json\/wp\/v2\/comments?post=935"}],"version-history":[{"count":4,"href":"https:\/\/alemdojob.ielusc.br\/index.php\/wp-json\/wp\/v2\/posts\/935\/revisions"}],"predecessor-version":[{"id":1173,"href":"https:\/\/alemdojob.ielusc.br\/index.php\/wp-json\/wp\/v2\/posts\/935\/revisions\/1173"}],"wp:attachment":[{"href":"https:\/\/alemdojob.ielusc.br\/index.php\/wp-json\/wp\/v2\/media?parent=935"}],"wp:term":[{"taxonomy":"category","embeddable":true,"href":"https:\/\/alemdojob.ielusc.br\/index.php\/wp-json\/wp\/v2\/categories?post=935"},{"taxonomy":"post_tag","embeddable":true,"href":"https:\/\/alemdojob.ielusc.br\/index.php\/wp-json\/wp\/v2\/tags?post=935"}],"curies":[{"name":"wp","href":"https:\/\/api.w.org\/{rel}","templated":true}]}}