{"id":963,"date":"2019-11-22T20:48:02","date_gmt":"2019-11-22T23:48:02","guid":{"rendered":"http:\/\/alemdojob.ielusc.br\/?p=963"},"modified":"2020-09-12T11:56:24","modified_gmt":"2020-09-12T14:56:24","slug":"cronograma-de-publicacoes-o-que-como-onde-e-quando-postar","status":"publish","type":"post","link":"https:\/\/alemdojob.ielusc.br\/index.php\/2019\/11\/22\/cronograma-de-publicacoes-o-que-como-onde-e-quando-postar\/","title":{"rendered":"Crie Posts Assertivos e Converta mais Leads"},"content":{"rendered":"<p><span style=\"font-weight: 400;\"><span style=\"vertical-align: inherit;\"><span style=\"vertical-align: inherit;\"><span style=\"vertical-align: inherit;\"><span style=\"vertical-align: inherit;\"><span style=\"vertical-align: inherit;\"><span style=\"vertical-align: inherit;\"><span style=\"vertical-align: inherit;\"><span style=\"vertical-align: inherit;\">Nos dias de hoje n\u00e3o h\u00e1 como fugir das redes sociais. <\/span><\/span><\/span><\/span><\/span><\/span><\/span><span style=\"vertical-align: inherit;\"><span style=\"vertical-align: inherit;\"><span style=\"vertical-align: inherit;\"><span style=\"vertical-align: inherit;\"><span style=\"vertical-align: inherit;\"><span style=\"vertical-align: inherit;\"><span style=\"vertical-align: inherit;\">H\u00e1 at\u00e9 quem diga que se uma pessoa ou um neg\u00f3cio n\u00e3o est\u00e1 nas redes sociais, ele n\u00e3o existe. <\/span><\/span><\/span><\/span><\/span><\/span><\/span><span style=\"vertical-align: inherit;\"><span style=\"vertical-align: inherit;\"><span style=\"vertical-align: inherit;\"><span style=\"vertical-align: inherit;\"><span style=\"vertical-align: inherit;\"><span style=\"vertical-align: inherit;\"><span style=\"vertical-align: inherit;\">Apesar de toda essa proximidade e familiaridade como plataformas digitais \/ sociais, a maior parte de nossas intera\u00e7\u00f5es partem do instinto, da \u201csinta\u201d, ou no m\u00e1ximo de uma observa\u00e7\u00e3o aqui e ali. <\/span><\/span><\/span><\/span><\/span><\/span><\/span><span style=\"vertical-align: inherit;\"><span style=\"vertical-align: inherit;\"><span style=\"vertical-align: inherit;\"><span style=\"vertical-align: inherit;\"><span style=\"vertical-align: inherit;\"><span style=\"vertical-align: inherit;\"><span style=\"vertical-align: inherit;\">Pode ser que funcione, mas pode ser que n\u00e3o, por via das d\u00favidas trouxemos algumas dicas e dados para ajudar a tirar o m\u00e1ximo de proveito no seu trabalho.<\/span><\/span><\/span><\/span><\/span><\/span><\/span><\/span><\/span><\/p>\n<h2><b><span style=\"vertical-align: inherit;\"><span style=\"vertical-align: inherit;\"><span style=\"vertical-align: inherit;\"><span style=\"vertical-align: inherit;\"><span style=\"vertical-align: inherit;\"><span style=\"vertical-align: inherit;\"><span style=\"vertical-align: inherit;\"><span style=\"vertical-align: inherit;\">Um conte\u00fado para cada p\u00fablico!<\/span><\/span><\/span><\/span><\/span><\/span><\/span><\/span><\/b><\/h2>\n<p><span style=\"font-weight: 400;\"><span style=\"vertical-align: inherit;\"><span style=\"vertical-align: inherit;\"><span style=\"vertical-align: inherit;\"><span style=\"vertical-align: inherit;\"><span style=\"vertical-align: inherit;\"><span style=\"vertical-align: inherit;\">Muitas marcas pecam se tratando de conte\u00fado que postam. <\/span><\/span><\/span><\/span><\/span><span style=\"vertical-align: inherit;\"><span style=\"vertical-align: inherit;\"><span style=\"vertical-align: inherit;\"><span style=\"vertical-align: inherit;\"><span style=\"vertical-align: inherit;\">Tentam atirar para todo lado, interagir com todos os p\u00fablicos, aproveitar toda e qualquer situa\u00e7\u00e3o. <\/span><\/span><\/span><\/span><\/span><span style=\"vertical-align: inherit;\"><span style=\"vertical-align: inherit;\"><span style=\"vertical-align: inherit;\"><span style=\"vertical-align: inherit;\"><span style=\"vertical-align: inherit;\">Esse esfor\u00e7o sem dire\u00e7\u00e3o acaba em posts desinteressantes, pouco engajamento, e uma identidade de marca fragmentada e desinteressante.<\/span><\/span><\/span><\/span><\/span><\/span><\/span><\/p>\n<p><span style=\"font-weight: 400;\"><span style=\"vertical-align: inherit;\"><span style=\"vertical-align: inherit;\"><span style=\"vertical-align: inherit;\"><span style=\"vertical-align: inherit;\"><span style=\"vertical-align: inherit;\"><span style=\"vertical-align: inherit;\">As maiores redes sociais contam tamb\u00e9m com algoritmos complexos e que recentemente foram calibrados para a \u201cautenticidade\u201d e \u201cintera\u00e7\u00e3o significativa\u201d, segundo os engenheiros pr\u00f3prios e porta-vozes do grupo Facebook. <\/span><\/span><\/span><\/span><\/span><span style=\"vertical-align: inherit;\"><span style=\"vertical-align: inherit;\"><span style=\"vertical-align: inherit;\"><span style=\"vertical-align: inherit;\"><span style=\"vertical-align: inherit;\">Com isso, o <\/span><\/span><\/span><\/span><\/span><\/span><\/span><i><span style=\"font-weight: 400;\"><span style=\"vertical-align: inherit;\"><span style=\"vertical-align: inherit;\"><span style=\"vertical-align: inherit;\"><span style=\"vertical-align: inherit;\"><span style=\"vertical-align: inherit;\"><span style=\"vertical-align: inherit;\">spam<\/span><\/span><\/span><\/span><\/span><\/span><\/span><\/i><span style=\"font-weight: 400;\"><span style=\"vertical-align: inherit;\"><span style=\"vertical-align: inherit;\"><span style=\"vertical-align: inherit;\"><span style=\"vertical-align: inherit;\"><span style=\"vertical-align: inherit;\"><span style=\"vertical-align: inherit;\"> de posts de conte\u00fado raso e desinteressante acaba n\u00e3o sendo vantajoso &#8211; mais vale um a dois posts por dia que as pessoas achem interessante e interajam, fa\u00e7a que 5 posts ao dia que sejam apenas \u201cmais do mesmo\u201d.<\/span><\/span><\/span><\/span><\/span><\/span><\/span><\/p>\n<p><span style=\"font-weight: 400;\"><br \/>\n<\/span><span style=\"font-weight: 400;\"><span style=\"vertical-align: inherit;\"><span style=\"vertical-align: inherit;\"><span style=\"vertical-align: inherit;\"><span style=\"vertical-align: inherit;\">Se voc\u00ea ainda tem d\u00favidas, veja esse estudo feito pela Hubspot.<\/span><\/span><\/span><\/span><\/span><\/p>\n<p><img decoding=\"async\" loading=\"lazy\" class=\"aligncenter size-full wp-image-956\" src=\"http:\/\/alemdojob.ielusc.br\/wp-content\/uploads\/2019\/11\/unnamed.png\" alt=\"\" width=\"668\" height=\"275\" srcset=\"https:\/\/alemdojob.ielusc.br\/wp-content\/uploads\/2019\/11\/unnamed.png 668w, https:\/\/alemdojob.ielusc.br\/wp-content\/uploads\/2019\/11\/unnamed-300x124.png 300w\" sizes=\"(max-width: 668px) 100vw, 668px\" \/><\/p>\n<p>&nbsp;<\/p>\n<p><span style=\"font-weight: 400;\"><span style=\"vertical-align: inherit;\"><span style=\"vertical-align: inherit;\"><span style=\"vertical-align: inherit;\"><span style=\"vertical-align: inherit;\">O Hubspot analisou mais de 13.500 clientes e alguns dados interessantes com isso. <\/span><\/span><\/span><span style=\"vertical-align: inherit;\"><span style=\"vertical-align: inherit;\"><span style=\"vertical-align: inherit;\">Ao que parece, os algoritmos funcionam diferente para quem tem mais de 10.000 seguidores e pra quem tem menos. <\/span><\/span><\/span><\/span><\/span><span style=\"vertical-align: inherit;\"><span style=\"font-weight: 400;\"><span style=\"vertical-align: inherit;\"><span style=\"vertical-align: inherit;\"><span style=\"vertical-align: inherit;\">Para quem tem mais, a quantidade pode at\u00e9 dar vantagem certa em rela\u00e7\u00e3o ao algoritmo, mas se a qualidade de seu conte\u00fado para sofrer em prol da quantidade, mesmo que o alcance seja bom, n\u00e3o ter\u00e1 tanto resultado quanto poucos posts de boa qualidade e conte\u00fado relevante. <\/span><\/span><\/span><\/span><\/span><span style=\"vertical-align: inherit;\"><span style=\"font-weight: 400;\"><span style=\"vertical-align: inherit;\"><span style=\"vertical-align: inherit;\"><span style=\"vertical-align: inherit;\">Para quem tem menos, a quantidade impacta diretamente, por\u00e9m de forma negativa. <\/span><\/span><\/span><\/span><span style=\"font-weight: 400;\"><span style=\"vertical-align: inherit;\"><span style=\"vertical-align: inherit;\"><span style=\"vertical-align: inherit;\">Publicar muitos posts significa que cada post alcan\u00e7ar\u00e1 menos pessoas, ent\u00e3o mesmo que publique dois posts muito bons e 3 posts desinteressantes, todos os 5 posts atingir seu alcance limitado, e assim o potencial deles cair\u00e1 tamb\u00e9m.<\/span><\/span><\/span><\/span><\/span><span style=\"font-weight: 400;\"><br \/>\n<\/span><span style=\"font-weight: 400;\"><br \/>\n<\/span><span style=\"font-weight: 400;\"><br \/>\n<\/span><span style=\"font-weight: 400;\"><br \/>\n<\/span><span style=\"font-weight: 400;\"><img decoding=\"async\" loading=\"lazy\" class=\"wp-image-962 alignleft\" src=\"http:\/\/alemdojob.ielusc.br\/wp-content\/uploads\/2019\/11\/unnamed-1.png\" alt=\"\" width=\"265\" height=\"176\" srcset=\"https:\/\/alemdojob.ielusc.br\/wp-content\/uploads\/2019\/11\/unnamed-1.png 700w, https:\/\/alemdojob.ielusc.br\/wp-content\/uploads\/2019\/11\/unnamed-1-300x200.png 300w\" sizes=\"(max-width: 265px) 100vw, 265px\" \/><span style=\"vertical-align: inherit;\"><span style=\"vertical-align: inherit;\"><span style=\"vertical-align: inherit;\"><span style=\"vertical-align: inherit;\">A dica, portanto, \u00e9 semelhante \u00e0 anterior no quesito de que qualidade importa mais do que quantidade, e para marcas menores isso \u00e9 ainda mais importante.<\/span><\/span><\/span><\/span><\/span><\/p>\n<p>&nbsp;<\/p>\n<h2><b><span style=\"vertical-align: inherit;\"><span style=\"vertical-align: inherit;\"><span style=\"vertical-align: inherit;\"><span style=\"vertical-align: inherit;\">Com o conte\u00fado pronto, \u00e9 s\u00f3 postar?<\/span><\/span><\/span><\/span><\/b><b><br \/>\n<\/b><\/h2>\n<p><span style=\"font-weight: 400;\"><span style=\"vertical-align: inherit;\"><span style=\"vertical-align: inherit;\"><span style=\"vertical-align: inherit;\"><span style=\"vertical-align: inherit;\">Agora que voc\u00ea j\u00e1 tem uma no\u00e7\u00e3o do que postar, a quest\u00e3o \u00e9: como posto isso? <\/span><\/span><\/span><span style=\"vertical-align: inherit;\"><span style=\"vertical-align: inherit;\"><span style=\"vertical-align: inherit;\">A resposta n\u00e3o \u00e9 exata, mas uma boa maneira de entender qual a melhor maneira postar seu conte\u00fado \u00e9 observando seus resultados anteriores, ou analisando concorrente e competidores do seu setor. <\/span><\/span><\/span><span style=\"vertical-align: inherit;\"><span style=\"vertical-align: inherit;\"><span style=\"vertical-align: inherit;\">Veja de que maneira eles cortam a mensagem que querem passar. <\/span><\/span><\/span><\/span><\/span><span style=\"vertical-align: inherit;\"><span style=\"font-weight: 400;\"><span style=\"vertical-align: inherit;\"><span style=\"vertical-align: inherit;\"><span style=\"vertical-align: inherit;\">Se seu produto \u00e9 aliment\u00edcio, faz muito mais sentido usar imagens dos produtos e uma legenda mais simples, descrevendo o prato e a promo\u00e7\u00e3o caso necess\u00e1rio. <\/span><\/span><\/span><\/span><span style=\"font-weight: 400;\"><span style=\"vertical-align: inherit;\"><span style=\"vertical-align: inherit;\"><span style=\"vertical-align: inherit;\">Se seu produto \u00e9 algo mais tecnol\u00f3gico, uma boa foto ainda \u00e9 importante, mas \u00e9 indispens\u00e1vel falar das qualidades do produto, como por exemplo especifica\u00e7\u00f5es t\u00e9cnicas e que ele \u00e9 capaz de fazer. <\/span><\/span><\/span><\/span><span style=\"font-weight: 400;\"><span style=\"vertical-align: inherit;\"><span style=\"vertical-align: inherit;\"><span style=\"vertical-align: inherit;\">Isso pode ser percebido, por exemplo, nas postagens recorrentes da marca Sansung.<\/span><\/span><\/span><\/span><\/span><span style=\"font-weight: 400;\"><br \/>\n<\/span><span style=\"font-weight: 400;\"><br \/>\n<\/span><\/p>\n<p>&nbsp;<\/p>\n<p><img decoding=\"async\" loading=\"lazy\" class=\"wp-image-965 aligncenter\" src=\"http:\/\/alemdojob.ielusc.br\/wp-content\/uploads\/2019\/11\/IMG_9928.jpg\" alt=\"\" width=\"277\" height=\"508\" srcset=\"https:\/\/alemdojob.ielusc.br\/wp-content\/uploads\/2019\/11\/IMG_9928.jpg 1125w, https:\/\/alemdojob.ielusc.br\/wp-content\/uploads\/2019\/11\/IMG_9928-164x300.jpg 164w, https:\/\/alemdojob.ielusc.br\/wp-content\/uploads\/2019\/11\/IMG_9928-768x1409.jpg 768w, https:\/\/alemdojob.ielusc.br\/wp-content\/uploads\/2019\/11\/IMG_9928-558x1024.jpg 558w, https:\/\/alemdojob.ielusc.br\/wp-content\/uploads\/2019\/11\/IMG_9928-1024x1879.jpg 1024w\" sizes=\"(max-width: 277px) 100vw, 277px\" \/><\/p>\n<p>&nbsp;<\/p>\n<p><span style=\"font-weight: 400;\"><span style=\"vertical-align: inherit;\"><span style=\"vertical-align: inherit;\"><span style=\"vertical-align: inherit;\"><span style=\"vertical-align: inherit;\">\u00c9 necess\u00e1rio observar as sociais mec\u00e2nicas e o p\u00fablico de cada plataforma tamb\u00e9m. <\/span><\/span><\/span><span style=\"vertical-align: inherit;\"><span style=\"vertical-align: inherit;\"><span style=\"vertical-align: inherit;\">Caso queira comunicar no Instagram, por exemplo, imagens e hist\u00f3rias s\u00e3o muito mais persuasivos do que textos longos. <\/span><\/span><\/span><span style=\"vertical-align: inherit;\"><span style=\"vertical-align: inherit;\"><span style=\"vertical-align: inherit;\">Sem Facebook, pois as imagens ainda s\u00e3o importantes, mas uma boa descri\u00e7\u00e3o pode ser a pe\u00e7a chave. <\/span><\/span><\/span><span style=\"vertical-align: inherit;\"><span style=\"vertical-align: inherit;\"><span style=\"vertical-align: inherit;\">Cada plataforma tem suas peculiaridades e diferen\u00e7as, que n\u00e3o permite apenas que coexistam mas que se complementam. <\/span><\/span><\/span><span style=\"vertical-align: inherit;\"><span style=\"vertical-align: inherit;\"><span style=\"vertical-align: inherit;\">Aprenda a observar essas peculiaridades e usar-como a seu favor.<\/span><\/span><\/span><\/span><\/span><\/p>\n<h2><b><span style=\"vertical-align: inherit;\"><span style=\"vertical-align: inherit;\"><span style=\"vertical-align: inherit;\"><span style=\"vertical-align: inherit;\">E com isso &#8230;<\/span><\/span><\/span><\/span><\/b><\/h2>\n<p><span style=\"font-weight: 400;\"><span style=\"vertical-align: inherit;\"><span style=\"vertical-align: inherit;\"><span style=\"vertical-align: inherit;\"><span style=\"vertical-align: inherit;\">Se voc\u00ea trabalha em alguma ag\u00eancia e precisa monitorar v\u00e1rios perfis de clientes diferentes em diversas redes sociais, o nosso post pode ser a salva\u00e7\u00e3o do seu dia!&nbsp;<\/span><\/span><\/span><\/span><\/span><\/p>\n<p><span style=\"font-weight: 400;\"><span style=\"vertical-align: inherit;\"><span style=\"vertical-align: inherit;\"><span style=\"vertical-align: inherit;\"><span style=\"vertical-align: inherit;\">Al\u00e9m de ter a certeza de que voc\u00ea ir\u00e1 conseguir cumprir todo o cronograma de horas sem deixar nada escapar, bem como poder se dedicar totalmente a outras quest\u00f5es que precisam de um pouco mais da sua aten\u00e7\u00e3o e conhecimento.<\/span><\/span><\/span><\/span><\/span><\/p>\n<p><span style=\"font-weight: 400;\"><span style=\"vertical-align: inherit;\"><span style=\"vertical-align: inherit;\"><span style=\"vertical-align: inherit;\"><span style=\"vertical-align: inherit;\">Em tempos de algoritmos que dificultam nosso alcance aos clientes, conhec\u00ea-los melhor \u00e9 essencial, pois \u00e9 atrav\u00e9s desse conhecimento que se pode obter um alcance maior quando o assunto para o que e como postar.<\/span><\/span><\/span><\/span><\/span><\/p>\n<p><span style=\"font-weight: 400;\"><span style=\"vertical-align: inherit;\"><span style=\"vertical-align: inherit;\"><span style=\"vertical-align: inherit;\"><span style=\"vertical-align: inherit;\"><span style=\"vertical-align: inherit;\"><span style=\"vertical-align: inherit;\">O contato com e o conhecimento sobre o cliente sempre \u00e9 e sempre ser\u00e1 a pe\u00e7a chave de uma boa a\u00e7\u00e3o, pois quanto mais contato, mais assertividade teremos em rela\u00e7\u00e3o ao que ele deseja.<\/span><\/span><\/span><\/span><\/span><\/span><\/span><\/p>\n<p><span style=\"vertical-align: inherit;\"><span style=\"vertical-align: inherit;\">E a\u00ed? <\/span><span style=\"vertical-align: inherit;\">Que tal come\u00e7ar a colocar essas dicas em pr\u00e1tica?<\/span><\/span><\/p>\n<p><span style=\"vertical-align: inherit;\"><span style=\"vertical-align: inherit;\">N\u00e3o sabe ainda aonde e quando vai postar? <\/span><span style=\"vertical-align: inherit;\">Ent\u00e3o n\u00e3o perde tempo e corre para o nosso post sobre: \u200b\u200b<span style=\"color: #3366ff;\"><a style=\"color: #3366ff;\" href=\"http:\/\/alemdojob.ielusc.br\/index.php\/2020\/09\/12\/onde-e-quando-postar\/\">Onde e Quando Postar? <\/a><\/span><\/span><\/span><\/p>\n<h6><span style=\"vertical-align: inherit;\"><span style=\"vertical-align: inherit;\"><span style=\"vertical-align: inherit;\"><span style=\"vertical-align: inherit;\"><span style=\"vertical-align: inherit;\"><span style=\"vertical-align: inherit;\"><span style=\"vertical-align: inherit;\"><span style=\"vertical-align: inherit;\">Post feito pelas alunas <\/span><\/span><\/span><\/span><\/span><\/span><\/span><\/span><strong><span style=\"vertical-align: inherit;\"><span style=\"vertical-align: inherit;\"><span style=\"vertical-align: inherit;\"><span style=\"vertical-align: inherit;\"><span style=\"vertical-align: inherit;\"><span style=\"vertical-align: inherit;\"><span style=\"vertical-align: inherit;\"><span style=\"vertical-align: inherit;\">Jaqueline Norenberg Weis<\/span><\/span><\/span><\/span><\/span><\/span><\/span><\/span><\/strong><span style=\"vertical-align: inherit;\"><span style=\"vertical-align: inherit;\"><span style=\"vertical-align: inherit;\"><span style=\"vertical-align: inherit;\"><span style=\"vertical-align: inherit;\"><span style=\"vertical-align: inherit;\"><span style=\"vertical-align: inherit;\"><span style=\"vertical-align: inherit;\"> e <\/span><\/span><\/span><\/span><\/span><\/span><\/span><\/span><strong><span style=\"vertical-align: inherit;\"><span style=\"vertical-align: inherit;\"><span style=\"vertical-align: inherit;\"><span style=\"vertical-align: inherit;\"><span style=\"vertical-align: inherit;\"><span style=\"vertical-align: inherit;\"><span style=\"vertical-align: inherit;\"><span style=\"vertical-align: inherit;\">Sarah Deus<\/span><\/span><\/span><\/span><\/span><\/span><\/span><\/span><\/strong><span style=\"vertical-align: inherit;\"><span style=\"vertical-align: inherit;\"><span style=\"vertical-align: inherit;\"><span style=\"vertical-align: inherit;\"><span style=\"vertical-align: inherit;\"><span style=\"vertical-align: inherit;\"><span style=\"vertical-align: inherit;\"><span style=\"vertical-align: inherit;\"> na disciplina de M\u00eddias Sociais<\/span><\/span><\/span><\/span><\/span><\/span><\/span><\/span><\/h6>\n","protected":false},"excerpt":{"rendered":"<p>Nos dias de hoje n\u00e3o h\u00e1 como fugir das redes sociais. H\u00e1 at\u00e9 quem diga &hellip; <\/p>\n","protected":false},"author":1,"featured_media":1291,"comment_status":"open","ping_status":"open","sticky":false,"template":"","format":"standard","meta":{"_mi_skip_tracking":false,"_exactmetrics_sitenote_active":false,"_exactmetrics_sitenote_note":"","_exactmetrics_sitenote_category":0,"ngg_post_thumbnail":0,"footnotes":""},"categories":[1],"tags":[122],"yoast_head":"<!-- This site is optimized with the Yoast SEO plugin v21.4 - https:\/\/yoast.com\/wordpress\/plugins\/seo\/ -->\n<title>Crie Posts Assertivos e Converta mais Leads - Al\u00e9m do Job<\/title>\n<meta name=\"robots\" content=\"index, follow, max-snippet:-1, max-image-preview:large, max-video-preview:-1\" \/>\n<link rel=\"canonical\" href=\"https:\/\/alemdojob.ielusc.br\/index.php\/2019\/11\/22\/cronograma-de-publicacoes-o-que-como-onde-e-quando-postar\/\" \/>\n<meta property=\"og:locale\" content=\"pt_BR\" \/>\n<meta property=\"og:type\" content=\"article\" \/>\n<meta property=\"og:title\" content=\"Crie Posts Assertivos e Converta mais Leads - Al\u00e9m do Job\" \/>\n<meta property=\"og:description\" content=\"Nos dias de hoje n\u00e3o h\u00e1 como fugir das redes sociais. H\u00e1 at\u00e9 quem diga &hellip;\" \/>\n<meta property=\"og:url\" content=\"https:\/\/alemdojob.ielusc.br\/index.php\/2019\/11\/22\/cronograma-de-publicacoes-o-que-como-onde-e-quando-postar\/\" \/>\n<meta property=\"og:site_name\" content=\"Al\u00e9m do Job\" \/>\n<meta property=\"article:published_time\" content=\"2019-11-22T23:48:02+00:00\" \/>\n<meta property=\"article:modified_time\" content=\"2020-09-12T14:56:24+00:00\" \/>\n<meta property=\"og:image\" content=\"https:\/\/alemdojob.ielusc.br\/wp-content\/uploads\/2019\/11\/cb7b95_40fb0885423047818d7e10511a64428f_mv2_d_1800_1200_s_2.jpg\" \/>\n\t<meta property=\"og:image:width\" content=\"1000\" \/>\n\t<meta property=\"og:image:height\" content=\"667\" \/>\n\t<meta property=\"og:image:type\" content=\"image\/jpeg\" \/>\n<meta name=\"author\" content=\"admin\" \/>\n<meta name=\"twitter:card\" content=\"summary_large_image\" \/>\n<meta name=\"twitter:label1\" content=\"Escrito por\" \/>\n\t<meta name=\"twitter:data1\" content=\"admin\" \/>\n\t<meta name=\"twitter:label2\" content=\"Est. tempo de leitura\" \/>\n\t<meta name=\"twitter:data2\" content=\"4 minutos\" \/>\n<script type=\"application\/ld+json\" class=\"yoast-schema-graph\">{\"@context\":\"https:\/\/schema.org\",\"@graph\":[{\"@type\":\"Article\",\"@id\":\"https:\/\/alemdojob.ielusc.br\/index.php\/2019\/11\/22\/cronograma-de-publicacoes-o-que-como-onde-e-quando-postar\/#article\",\"isPartOf\":{\"@id\":\"https:\/\/alemdojob.ielusc.br\/index.php\/2019\/11\/22\/cronograma-de-publicacoes-o-que-como-onde-e-quando-postar\/\"},\"author\":{\"name\":\"admin\",\"@id\":\"https:\/\/alemdojob.ielusc.br\/#\/schema\/person\/f424a9ef6e4c26d6a538730daa1a28a4\"},\"headline\":\"Crie Posts Assertivos e Converta mais Leads\",\"datePublished\":\"2019-11-22T23:48:02+00:00\",\"dateModified\":\"2020-09-12T14:56:24+00:00\",\"mainEntityOfPage\":{\"@id\":\"https:\/\/alemdojob.ielusc.br\/index.php\/2019\/11\/22\/cronograma-de-publicacoes-o-que-como-onde-e-quando-postar\/\"},\"wordCount\":837,\"commentCount\":0,\"publisher\":{\"@id\":\"https:\/\/alemdojob.ielusc.br\/#organization\"},\"keywords\":[\"redes sociais\"],\"articleSection\":[\"Tend\u00eancias\"],\"inLanguage\":\"pt-BR\",\"potentialAction\":[{\"@type\":\"CommentAction\",\"name\":\"Comment\",\"target\":[\"https:\/\/alemdojob.ielusc.br\/index.php\/2019\/11\/22\/cronograma-de-publicacoes-o-que-como-onde-e-quando-postar\/#respond\"]}]},{\"@type\":\"WebPage\",\"@id\":\"https:\/\/alemdojob.ielusc.br\/index.php\/2019\/11\/22\/cronograma-de-publicacoes-o-que-como-onde-e-quando-postar\/\",\"url\":\"https:\/\/alemdojob.ielusc.br\/index.php\/2019\/11\/22\/cronograma-de-publicacoes-o-que-como-onde-e-quando-postar\/\",\"name\":\"Crie Posts Assertivos e Converta mais Leads - Al\u00e9m do Job\",\"isPartOf\":{\"@id\":\"https:\/\/alemdojob.ielusc.br\/#website\"},\"datePublished\":\"2019-11-22T23:48:02+00:00\",\"dateModified\":\"2020-09-12T14:56:24+00:00\",\"breadcrumb\":{\"@id\":\"https:\/\/alemdojob.ielusc.br\/index.php\/2019\/11\/22\/cronograma-de-publicacoes-o-que-como-onde-e-quando-postar\/#breadcrumb\"},\"inLanguage\":\"pt-BR\",\"potentialAction\":[{\"@type\":\"ReadAction\",\"target\":[\"https:\/\/alemdojob.ielusc.br\/index.php\/2019\/11\/22\/cronograma-de-publicacoes-o-que-como-onde-e-quando-postar\/\"]}]},{\"@type\":\"BreadcrumbList\",\"@id\":\"https:\/\/alemdojob.ielusc.br\/index.php\/2019\/11\/22\/cronograma-de-publicacoes-o-que-como-onde-e-quando-postar\/#breadcrumb\",\"itemListElement\":[{\"@type\":\"ListItem\",\"position\":1,\"name\":\"Home\",\"item\":\"https:\/\/alemdojob.ielusc.br\/\"},{\"@type\":\"ListItem\",\"position\":2,\"name\":\"Crie Posts Assertivos e Converta mais Leads\"}]},{\"@type\":\"WebSite\",\"@id\":\"https:\/\/alemdojob.ielusc.br\/#website\",\"url\":\"https:\/\/alemdojob.ielusc.br\/\",\"name\":\"Al\u00e9m do Job\",\"description\":\"\",\"publisher\":{\"@id\":\"https:\/\/alemdojob.ielusc.br\/#organization\"},\"potentialAction\":[{\"@type\":\"SearchAction\",\"target\":{\"@type\":\"EntryPoint\",\"urlTemplate\":\"https:\/\/alemdojob.ielusc.br\/?s={search_term_string}\"},\"query-input\":\"required name=search_term_string\"}],\"inLanguage\":\"pt-BR\"},{\"@type\":\"Organization\",\"@id\":\"https:\/\/alemdojob.ielusc.br\/#organization\",\"name\":\"Al\u00e9m do Job\",\"url\":\"https:\/\/alemdojob.ielusc.br\/\",\"logo\":{\"@type\":\"ImageObject\",\"inLanguage\":\"pt-BR\",\"@id\":\"https:\/\/alemdojob.ielusc.br\/#\/schema\/logo\/image\/\",\"url\":\"https:\/\/alemdojob.ielusc.br\/wp-content\/uploads\/2018\/10\/cropped-Logo-Alem-do-Job-Final-e1538527573648-2.png\",\"contentUrl\":\"https:\/\/alemdojob.ielusc.br\/wp-content\/uploads\/2018\/10\/cropped-Logo-Alem-do-Job-Final-e1538527573648-2.png\",\"width\":150,\"height\":150,\"caption\":\"Al\u00e9m do Job\"},\"image\":{\"@id\":\"https:\/\/alemdojob.ielusc.br\/#\/schema\/logo\/image\/\"}},{\"@type\":\"Person\",\"@id\":\"https:\/\/alemdojob.ielusc.br\/#\/schema\/person\/f424a9ef6e4c26d6a538730daa1a28a4\",\"name\":\"admin\",\"image\":{\"@type\":\"ImageObject\",\"inLanguage\":\"pt-BR\",\"@id\":\"https:\/\/alemdojob.ielusc.br\/#\/schema\/person\/image\/\",\"url\":\"https:\/\/secure.gravatar.com\/avatar\/d5127c65e67bfa28077a24f955302171?s=96&d=mm&r=g\",\"contentUrl\":\"https:\/\/secure.gravatar.com\/avatar\/d5127c65e67bfa28077a24f955302171?s=96&d=mm&r=g\",\"caption\":\"admin\"},\"url\":\"https:\/\/alemdojob.ielusc.br\/index.php\/author\/admin\/\"}]}<\/script>\n<!-- \/ Yoast SEO plugin. -->","yoast_head_json":{"title":"Crie Posts Assertivos e Converta mais Leads - Al\u00e9m do Job","robots":{"index":"index","follow":"follow","max-snippet":"max-snippet:-1","max-image-preview":"max-image-preview:large","max-video-preview":"max-video-preview:-1"},"canonical":"https:\/\/alemdojob.ielusc.br\/index.php\/2019\/11\/22\/cronograma-de-publicacoes-o-que-como-onde-e-quando-postar\/","og_locale":"pt_BR","og_type":"article","og_title":"Crie Posts Assertivos e Converta mais Leads - Al\u00e9m do Job","og_description":"Nos dias de hoje n\u00e3o h\u00e1 como fugir das redes sociais. H\u00e1 at\u00e9 quem diga &hellip;","og_url":"https:\/\/alemdojob.ielusc.br\/index.php\/2019\/11\/22\/cronograma-de-publicacoes-o-que-como-onde-e-quando-postar\/","og_site_name":"Al\u00e9m do Job","article_published_time":"2019-11-22T23:48:02+00:00","article_modified_time":"2020-09-12T14:56:24+00:00","og_image":[{"width":1000,"height":667,"url":"https:\/\/alemdojob.ielusc.br\/wp-content\/uploads\/2019\/11\/cb7b95_40fb0885423047818d7e10511a64428f_mv2_d_1800_1200_s_2.jpg","type":"image\/jpeg"}],"author":"admin","twitter_card":"summary_large_image","twitter_misc":{"Escrito por":"admin","Est. tempo de leitura":"4 minutos"},"schema":{"@context":"https:\/\/schema.org","@graph":[{"@type":"Article","@id":"https:\/\/alemdojob.ielusc.br\/index.php\/2019\/11\/22\/cronograma-de-publicacoes-o-que-como-onde-e-quando-postar\/#article","isPartOf":{"@id":"https:\/\/alemdojob.ielusc.br\/index.php\/2019\/11\/22\/cronograma-de-publicacoes-o-que-como-onde-e-quando-postar\/"},"author":{"name":"admin","@id":"https:\/\/alemdojob.ielusc.br\/#\/schema\/person\/f424a9ef6e4c26d6a538730daa1a28a4"},"headline":"Crie Posts Assertivos e Converta mais Leads","datePublished":"2019-11-22T23:48:02+00:00","dateModified":"2020-09-12T14:56:24+00:00","mainEntityOfPage":{"@id":"https:\/\/alemdojob.ielusc.br\/index.php\/2019\/11\/22\/cronograma-de-publicacoes-o-que-como-onde-e-quando-postar\/"},"wordCount":837,"commentCount":0,"publisher":{"@id":"https:\/\/alemdojob.ielusc.br\/#organization"},"keywords":["redes sociais"],"articleSection":["Tend\u00eancias"],"inLanguage":"pt-BR","potentialAction":[{"@type":"CommentAction","name":"Comment","target":["https:\/\/alemdojob.ielusc.br\/index.php\/2019\/11\/22\/cronograma-de-publicacoes-o-que-como-onde-e-quando-postar\/#respond"]}]},{"@type":"WebPage","@id":"https:\/\/alemdojob.ielusc.br\/index.php\/2019\/11\/22\/cronograma-de-publicacoes-o-que-como-onde-e-quando-postar\/","url":"https:\/\/alemdojob.ielusc.br\/index.php\/2019\/11\/22\/cronograma-de-publicacoes-o-que-como-onde-e-quando-postar\/","name":"Crie Posts Assertivos e Converta mais Leads - Al\u00e9m do Job","isPartOf":{"@id":"https:\/\/alemdojob.ielusc.br\/#website"},"datePublished":"2019-11-22T23:48:02+00:00","dateModified":"2020-09-12T14:56:24+00:00","breadcrumb":{"@id":"https:\/\/alemdojob.ielusc.br\/index.php\/2019\/11\/22\/cronograma-de-publicacoes-o-que-como-onde-e-quando-postar\/#breadcrumb"},"inLanguage":"pt-BR","potentialAction":[{"@type":"ReadAction","target":["https:\/\/alemdojob.ielusc.br\/index.php\/2019\/11\/22\/cronograma-de-publicacoes-o-que-como-onde-e-quando-postar\/"]}]},{"@type":"BreadcrumbList","@id":"https:\/\/alemdojob.ielusc.br\/index.php\/2019\/11\/22\/cronograma-de-publicacoes-o-que-como-onde-e-quando-postar\/#breadcrumb","itemListElement":[{"@type":"ListItem","position":1,"name":"Home","item":"https:\/\/alemdojob.ielusc.br\/"},{"@type":"ListItem","position":2,"name":"Crie Posts Assertivos e Converta mais Leads"}]},{"@type":"WebSite","@id":"https:\/\/alemdojob.ielusc.br\/#website","url":"https:\/\/alemdojob.ielusc.br\/","name":"Al\u00e9m do Job","description":"","publisher":{"@id":"https:\/\/alemdojob.ielusc.br\/#organization"},"potentialAction":[{"@type":"SearchAction","target":{"@type":"EntryPoint","urlTemplate":"https:\/\/alemdojob.ielusc.br\/?s={search_term_string}"},"query-input":"required name=search_term_string"}],"inLanguage":"pt-BR"},{"@type":"Organization","@id":"https:\/\/alemdojob.ielusc.br\/#organization","name":"Al\u00e9m do Job","url":"https:\/\/alemdojob.ielusc.br\/","logo":{"@type":"ImageObject","inLanguage":"pt-BR","@id":"https:\/\/alemdojob.ielusc.br\/#\/schema\/logo\/image\/","url":"https:\/\/alemdojob.ielusc.br\/wp-content\/uploads\/2018\/10\/cropped-Logo-Alem-do-Job-Final-e1538527573648-2.png","contentUrl":"https:\/\/alemdojob.ielusc.br\/wp-content\/uploads\/2018\/10\/cropped-Logo-Alem-do-Job-Final-e1538527573648-2.png","width":150,"height":150,"caption":"Al\u00e9m do Job"},"image":{"@id":"https:\/\/alemdojob.ielusc.br\/#\/schema\/logo\/image\/"}},{"@type":"Person","@id":"https:\/\/alemdojob.ielusc.br\/#\/schema\/person\/f424a9ef6e4c26d6a538730daa1a28a4","name":"admin","image":{"@type":"ImageObject","inLanguage":"pt-BR","@id":"https:\/\/alemdojob.ielusc.br\/#\/schema\/person\/image\/","url":"https:\/\/secure.gravatar.com\/avatar\/d5127c65e67bfa28077a24f955302171?s=96&d=mm&r=g","contentUrl":"https:\/\/secure.gravatar.com\/avatar\/d5127c65e67bfa28077a24f955302171?s=96&d=mm&r=g","caption":"admin"},"url":"https:\/\/alemdojob.ielusc.br\/index.php\/author\/admin\/"}]}},"_links":{"self":[{"href":"https:\/\/alemdojob.ielusc.br\/index.php\/wp-json\/wp\/v2\/posts\/963"}],"collection":[{"href":"https:\/\/alemdojob.ielusc.br\/index.php\/wp-json\/wp\/v2\/posts"}],"about":[{"href":"https:\/\/alemdojob.ielusc.br\/index.php\/wp-json\/wp\/v2\/types\/post"}],"author":[{"embeddable":true,"href":"https:\/\/alemdojob.ielusc.br\/index.php\/wp-json\/wp\/v2\/users\/1"}],"replies":[{"embeddable":true,"href":"https:\/\/alemdojob.ielusc.br\/index.php\/wp-json\/wp\/v2\/comments?post=963"}],"version-history":[{"count":13,"href":"https:\/\/alemdojob.ielusc.br\/index.php\/wp-json\/wp\/v2\/posts\/963\/revisions"}],"predecessor-version":[{"id":1463,"href":"https:\/\/alemdojob.ielusc.br\/index.php\/wp-json\/wp\/v2\/posts\/963\/revisions\/1463"}],"wp:featuredmedia":[{"embeddable":true,"href":"https:\/\/alemdojob.ielusc.br\/index.php\/wp-json\/wp\/v2\/media\/1291"}],"wp:attachment":[{"href":"https:\/\/alemdojob.ielusc.br\/index.php\/wp-json\/wp\/v2\/media?parent=963"}],"wp:term":[{"taxonomy":"category","embeddable":true,"href":"https:\/\/alemdojob.ielusc.br\/index.php\/wp-json\/wp\/v2\/categories?post=963"},{"taxonomy":"post_tag","embeddable":true,"href":"https:\/\/alemdojob.ielusc.br\/index.php\/wp-json\/wp\/v2\/tags?post=963"}],"curies":[{"name":"wp","href":"https:\/\/api.w.org\/{rel}","templated":true}]}}